{"id":41977,"date":"2026-08-31T13:12:33","date_gmt":"2026-08-31T13:12:33","guid":{"rendered":"https:\/\/blogdorogeriogomes.com.br\/noticias\/?p=41977"},"modified":"2026-08-31T13:12:33","modified_gmt":"2026-08-31T13:12:33","slug":"elmano-de-freitas-faz-caminhada-no-bonsucesso-e-participa-de-carreata-no-vila-velha-nesta-segunda-feira-ciro-gomes-realiza-live-a-noite-no-seu-canal-do-youtube","status":"publish","type":"post","link":"https:\/\/blogdorogeriogomes.com.br\/noticias\/2026\/08\/elmano-de-freitas-faz-caminhada-no-bonsucesso-e-participa-de-carreata-no-vila-velha-nesta-segunda-feira-ciro-gomes-realiza-live-a-noite-no-seu-canal-do-youtube\/","title":{"rendered":"Elmano de Freitas faz caminhada no Bonsucesso e participa de carreata no Vila Velha nesta segunda-feira. Ciro Gomes realiza &#8220;live&#8221; \u00e0 noite no seu canal do YouTube"},"content":{"rendered":"\n<p class=\"wp-block-paragraph\">A segunda-feira, dia 31 de agosto, come\u00e7a intensa para o governador Elmano de Freitas (PT), que busca reelei\u00e7\u00e3o ao Pal\u00e1cio da Aboli\u00e7\u00e3o.  Elmano faz pela manh\u00e3 uma caminhada no bairro Bonsucesso, em Fortaleza. \u00c0 noite, tem carreata no bairro Vila Velha, tamb\u00e9m na Capital, e participa da inaugura\u00e7\u00e3o do comit\u00ea do deputado federal AJ Albuquerque, que concorre \u00e0 reelei\u00e7\u00e3o. <\/p>\n\n\n\n<p class=\"wp-block-paragraph\">J\u00e1 o candidato Ciro Gomes (PSDB) concentra as aten\u00e7\u00f5es em uma &#8220;live&#8221; que far\u00e1 pelo YouTube,  no seu canal oficial, \u00e0s 21 horas. Ele pretende repercutir uma mat\u00e9ria de den\u00fancia da revista Veja.<\/p>\n\n\n\n<figure class=\"wp-block-image size-large\"><img loading=\"lazy\" decoding=\"async\" width=\"1024\" height=\"860\" src=\"https:\/\/blogdorogeriogomes.com.br\/noticias\/wp-content\/uploads\/2026\/08\/images-15-1024x860.jpeg\" alt=\"\" class=\"wp-image-41978\" srcset=\"https:\/\/blogdorogeriogomes.com.br\/noticias\/wp-content\/uploads\/2026\/08\/images-15-1024x860.jpeg 1024w, https:\/\/blogdorogeriogomes.com.br\/noticias\/wp-content\/uploads\/2026\/08\/images-15-300x252.jpeg 300w, https:\/\/blogdorogeriogomes.com.br\/noticias\/wp-content\/uploads\/2026\/08\/images-15-768x645.jpeg 768w, https:\/\/blogdorogeriogomes.com.br\/noticias\/wp-content\/uploads\/2026\/08\/images-15-1536x1290.jpeg 1536w, https:\/\/blogdorogeriogomes.com.br\/noticias\/wp-content\/uploads\/2026\/08\/images-15-800x672.jpeg 800w, https:\/\/blogdorogeriogomes.com.br\/noticias\/wp-content\/uploads\/2026\/08\/images-15.jpeg 1920w\" sizes=\"auto, (max-width: 1024px) 100vw, 1024px\" \/><\/figure>\n","protected":false},"excerpt":{"rendered":"<p>A segunda-feira, dia 31 de agosto, come\u00e7a intensa para o governador Elmano de Freitas (PT), que busca reelei\u00e7\u00e3o ao Pal\u00e1cio da Aboli\u00e7\u00e3o. Elmano faz pela manh\u00e3 uma caminhada no bairro Bonsucesso, em Fortaleza. \u00c0 noite, tem carreata no bairro Vila Velha, tamb\u00e9m na Capital, e participa da inaugura\u00e7\u00e3o do comit\u00ea do deputado federal AJ Albuquerque, que concorre \u00e0 reelei\u00e7\u00e3o. J\u00e1 o candidato Ciro Gomes (PSDB) concentra as aten\u00e7\u00f5es em uma &#8220;live&#8221; que far\u00e1 pelo YouTube, no seu canal oficial,&hellip;<\/p>\n","protected":false},"author":1,"featured_media":41978,"comment_status":"open","ping_status":"open","sticky":false,"template":"","format":"standard","meta":{"footnotes":""},"categories":[1],"tags":[],"class_list":["post-41977","post","type-post","status-publish","format-standard","has-post-thumbnail","hentry","category-noticias"],"_links":{"self":[{"href":"https:\/\/blogdorogeriogomes.com.br\/noticias\/wp-json\/wp\/v2\/posts\/41977","targetHints":{"allow":["GET"]}}],"collection":[{"href":"https:\/\/blogdorogeriogomes.com.br\/noticias\/wp-json\/wp\/v2\/posts"}],"about":[{"href":"https:\/\/blogdorogeriogomes.com.br\/noticias\/wp-json\/wp\/v2\/types\/post"}],"author":[{"embeddable":true,"href":"https:\/\/blogdorogeriogomes.com.br\/noticias\/wp-json\/wp\/v2\/users\/1"}],"replies":[{"embeddable":true,"href":"https:\/\/blogdorogeriogomes.com.br\/noticias\/wp-json\/wp\/v2\/comments?post=41977"}],"version-history":[{"count":1,"href":"https:\/\/blogdorogeriogomes.com.br\/noticias\/wp-json\/wp\/v2\/posts\/41977\/revisions"}],"predecessor-version":[{"id":41979,"href":"https:\/\/blogdorogeriogomes.com.br\/noticias\/wp-json\/wp\/v2\/posts\/41977\/revisions\/41979"}],"wp:featuredmedia":[{"embeddable":true,"href":"https:\/\/blogdorogeriogomes.com.br\/noticias\/wp-json\/wp\/v2\/media\/41978"}],"wp:attachment":[{"href":"https:\/\/blogdorogeriogomes.com.br\/noticias\/wp-json\/wp\/v2\/media?parent=41977"}],"wp:term":[{"taxonomy":"category","embeddable":true,"href":"https:\/\/blogdorogeriogomes.com.br\/noticias\/wp-json\/wp\/v2\/categories?post=41977"},{"taxonomy":"post_tag","embeddable":true,"href":"https:\/\/blogdorogeriogomes.com.br\/noticias\/wp-json\/wp\/v2\/tags?post=41977"}],"curies":[{"name":"wp","href":"https:\/\/api.w.org\/{rel}","templated":true}]}}