{"id":41980,"date":"2026-09-01T09:13:19","date_gmt":"2026-09-01T09:13:19","guid":{"rendered":"https:\/\/blogdorogeriogomes.com.br\/noticias\/?p=41980"},"modified":"2026-09-01T09:13:20","modified_gmt":"2026-09-01T09:13:20","slug":"presidente-da-camara-municipal-de-fortaleza-leo-couto-reune-liderancas-estaduais-para-lancar-candidaturas-de-gadyel-goncalves-e-aj-albuquerque","status":"publish","type":"post","link":"https:\/\/blogdorogeriogomes.com.br\/noticias\/2026\/09\/presidente-da-camara-municipal-de-fortaleza-leo-couto-reune-liderancas-estaduais-para-lancar-candidaturas-de-gadyel-goncalves-e-aj-albuquerque\/","title":{"rendered":"Presidente da C\u00e2mara Municipal de Fortaleza, Leo Couto, re\u00fane lideran\u00e7as estaduais para lan\u00e7ar candidaturas de Gadyel Gon\u00e7alves e AJ Albuquerque"},"content":{"rendered":"\n<p class=\"wp-block-paragraph\">O presidente da C\u00e2mara Municipal de Fortaleza, vereador Leo Couto, apresentou os candidatos que vai apoiar para a C\u00e2mara dos Deputados e Assembleia Legislativa na disputa eleitoral, na noite desta segunda-feira, dia 31 de agosto. Leo Couto oficializou o apoio \u00e0s candidaturas de Gadyel Gon\u00e7alves (estadual) e AJ Albuquerque (federal). <\/p>\n\n\n\n<p class=\"wp-block-paragraph\">O ato pol\u00edtico ocorreu na casa de shows Kukukaya e reuniu importantes lideran\u00e7as do Estado, como o governador Elmano de Freitas, o prefeito de Fortaleza, Evandro Leit\u00e3o, e o candidato a suplente de senador Chagas Vieira. <\/p>\n\n\n\n<p class=\"wp-block-paragraph\">Durante o encontro, Leo Couto tamb\u00e9m reafirmou seu alinhamento com a base governista, refor\u00e7ando o apoio \u00e0 reelei\u00e7\u00e3o do presidente Lula e do governador Elmano, al\u00e9m de endossar as campanhas de Cid Gomes e Luizianne Lins para o Senado. \u201cN\u00f3s estamos aqui hoje para apresentar o nosso time, que vem transformando o Cear\u00e1. H\u00e1 quatro anos, essa mesma galera acreditou no projeto. Hoje, o governador Elmano pode mostrar o quanto melhoramos a sa\u00fade no interior e a parceria com o prefeito Evandro para recuperar o IJF e a Santa Casa na capital\u201d, destacou Leo Couto.<\/p>\n\n\n\n<p class=\"wp-block-paragraph\">Em seu segundo mandato como vereador e estreando na presid\u00eancia da C\u00e2mara, Leo Couto consolida sua posi\u00e7\u00e3o como um dos principais articuladores pol\u00edticos de Fortaleza. Sob sua lideran\u00e7a, o Legislativo Municipal mant\u00e9m forte alinhamento pol\u00edtico a gest\u00e3o do prefeito Evandro Leit\u00e3o (PT).<\/p>\n\n\n\n<figure class=\"wp-block-image size-large\"><img loading=\"lazy\" decoding=\"async\" width=\"769\" height=\"1024\" src=\"https:\/\/blogdorogeriogomes.com.br\/noticias\/wp-content\/uploads\/2026\/09\/IMG-20260901-WA0007-769x1024.jpg\" alt=\"\" class=\"wp-image-41981\" srcset=\"https:\/\/blogdorogeriogomes.com.br\/noticias\/wp-content\/uploads\/2026\/09\/IMG-20260901-WA0007-769x1024.jpg 769w, https:\/\/blogdorogeriogomes.com.br\/noticias\/wp-content\/uploads\/2026\/09\/IMG-20260901-WA0007-225x300.jpg 225w, https:\/\/blogdorogeriogomes.com.br\/noticias\/wp-content\/uploads\/2026\/09\/IMG-20260901-WA0007-768x1023.jpg 768w, https:\/\/blogdorogeriogomes.com.br\/noticias\/wp-content\/uploads\/2026\/09\/IMG-20260901-WA0007-800x1065.jpg 800w, https:\/\/blogdorogeriogomes.com.br\/noticias\/wp-content\/uploads\/2026\/09\/IMG-20260901-WA0007.jpg 1080w\" sizes=\"auto, (max-width: 769px) 100vw, 769px\" \/><\/figure>\n\n\n\n<figure class=\"wp-block-image size-large\"><img loading=\"lazy\" decoding=\"async\" width=\"769\" height=\"1024\" src=\"https:\/\/blogdorogeriogomes.com.br\/noticias\/wp-content\/uploads\/2026\/09\/IMG-20260901-WA0007-769x1024.jpg\" alt=\"\" class=\"wp-image-41981\" srcset=\"https:\/\/blogdorogeriogomes.com.br\/noticias\/wp-content\/uploads\/2026\/09\/IMG-20260901-WA0007-769x1024.jpg 769w, https:\/\/blogdorogeriogomes.com.br\/noticias\/wp-content\/uploads\/2026\/09\/IMG-20260901-WA0007-225x300.jpg 225w, https:\/\/blogdorogeriogomes.com.br\/noticias\/wp-content\/uploads\/2026\/09\/IMG-20260901-WA0007-768x1023.jpg 768w, https:\/\/blogdorogeriogomes.com.br\/noticias\/wp-content\/uploads\/2026\/09\/IMG-20260901-WA0007-800x1065.jpg 800w, https:\/\/blogdorogeriogomes.com.br\/noticias\/wp-content\/uploads\/2026\/09\/IMG-20260901-WA0007.jpg 1080w\" sizes=\"auto, (max-width: 769px) 100vw, 769px\" \/><\/figure>\n","protected":false},"excerpt":{"rendered":"<p>O presidente da C\u00e2mara Municipal de Fortaleza, vereador Leo Couto, apresentou os candidatos que vai apoiar para a C\u00e2mara dos Deputados e Assembleia Legislativa na disputa eleitoral, na noite desta segunda-feira, dia 31 de agosto. Leo Couto oficializou o apoio \u00e0s candidaturas de Gadyel Gon\u00e7alves (estadual) e AJ Albuquerque (federal). O ato pol\u00edtico ocorreu na casa de shows Kukukaya e reuniu importantes lideran\u00e7as do Estado, como o governador Elmano de Freitas, o prefeito de Fortaleza, Evandro Leit\u00e3o, e o&hellip;<\/p>\n","protected":false},"author":1,"featured_media":41981,"comment_status":"open","ping_status":"open","sticky":false,"template":"","format":"standard","meta":{"footnotes":""},"categories":[1],"tags":[],"class_list":["post-41980","post","type-post","status-publish","format-standard","has-post-thumbnail","hentry","category-noticias"],"_links":{"self":[{"href":"https:\/\/blogdorogeriogomes.com.br\/noticias\/wp-json\/wp\/v2\/posts\/41980","targetHints":{"allow":["GET"]}}],"collection":[{"href":"https:\/\/blogdorogeriogomes.com.br\/noticias\/wp-json\/wp\/v2\/posts"}],"about":[{"href":"https:\/\/blogdorogeriogomes.com.br\/noticias\/wp-json\/wp\/v2\/types\/post"}],"author":[{"embeddable":true,"href":"https:\/\/blogdorogeriogomes.com.br\/noticias\/wp-json\/wp\/v2\/users\/1"}],"replies":[{"embeddable":true,"href":"https:\/\/blogdorogeriogomes.com.br\/noticias\/wp-json\/wp\/v2\/comments?post=41980"}],"version-history":[{"count":1,"href":"https:\/\/blogdorogeriogomes.com.br\/noticias\/wp-json\/wp\/v2\/posts\/41980\/revisions"}],"predecessor-version":[{"id":41982,"href":"https:\/\/blogdorogeriogomes.com.br\/noticias\/wp-json\/wp\/v2\/posts\/41980\/revisions\/41982"}],"wp:featuredmedia":[{"embeddable":true,"href":"https:\/\/blogdorogeriogomes.com.br\/noticias\/wp-json\/wp\/v2\/media\/41981"}],"wp:attachment":[{"href":"https:\/\/blogdorogeriogomes.com.br\/noticias\/wp-json\/wp\/v2\/media?parent=41980"}],"wp:term":[{"taxonomy":"category","embeddable":true,"href":"https:\/\/blogdorogeriogomes.com.br\/noticias\/wp-json\/wp\/v2\/categories?post=41980"},{"taxonomy":"post_tag","embeddable":true,"href":"https:\/\/blogdorogeriogomes.com.br\/noticias\/wp-json\/wp\/v2\/tags?post=41980"}],"curies":[{"name":"wp","href":"https:\/\/api.w.org\/{rel}","templated":true}]}}