{"id":41983,"date":"2026-09-01T09:31:32","date_gmt":"2026-09-01T09:31:32","guid":{"rendered":"https:\/\/blogdorogeriogomes.com.br\/noticias\/?p=41983"},"modified":"2026-09-01T09:31:32","modified_gmt":"2026-09-01T09:31:32","slug":"ministro-dias-toffoli-suspende-campanha-de-renan-santos-do-missao-e-impoe-duro-golpe-a-estrategia-da-extrema-direita-na-internet","status":"publish","type":"post","link":"https:\/\/blogdorogeriogomes.com.br\/noticias\/2026\/09\/ministro-dias-toffoli-suspende-campanha-de-renan-santos-do-missao-e-impoe-duro-golpe-a-estrategia-da-extrema-direita-na-internet\/","title":{"rendered":"Ministro Dias Toffoli suspende campanha de Renan Santos, do Miss\u00e3o, e imp\u00f5e duro golpe \u00e0 estrat\u00e9gia da extrema-direita na internet"},"content":{"rendered":"\n<p class=\"wp-block-paragraph\">O ministro Dias Toffoli, do Tribunal Superior Eleitoral (TSE), determinou a suspens\u00e3o das atividades de campanha do candidato \u00e0 Presid\u00eancia da Rep\u00fablica Renan Santos, do partido Miss\u00e3o. A decis\u00e3o monocr\u00e1tica, motivada pela omiss\u00e3o de perfis de redes sociais no registro oficial da candidatura, paralisa os repasses do Fundo Eleitoral, pro\u00edbe a participa\u00e7\u00e3o do pol\u00edtico em debates e interrompe a sua propaganda digital.<\/p>\n\n\n\n<p class=\"wp-block-paragraph\">Como consequ\u00eancia imediata da ordem jur\u00eddica, as principais p\u00e1ginas de articula\u00e7\u00e3o do candidato no YouTube e no Instagram foram completamente derrubadas. A puni\u00e7\u00e3o representa um severo preju\u00edzo estrat\u00e9gico para os movimentos de extrema-direita e da direita conservadora no ambiente virtual. <\/p>\n\n\n\n<p class=\"wp-block-paragraph\">Renan Santos, conhecido como um dos principais articuladores do Movimento Brasil Livre (MBL), baseava toda a sua proje\u00e7\u00e3o eleitoral na viraliza\u00e7\u00e3o de cortes de v\u00eddeos e no engajamento massivo nas redes. Sem acesso ao hor\u00e1rio eleitoral convencional de r\u00e1dio e televis\u00e3o, o partido Miss\u00e3o dependia quase que exclusivamente do ecossistema digital para alavancar sua inten\u00e7\u00e3o de voto. <\/p>\n\n\n\n<p class=\"wp-block-paragraph\">O apag\u00e3o for\u00e7ado de suas contas oficiais neutraliza a principal arma de propaganda do grupo no pleito de 2026. A medida do TSE decorre do envio tardio de 16 perfis da chapa \u00e0 Justi\u00e7a Eleitoral, feito 12 dias ap\u00f3s o prazo legal do registro inicial. Toffoli classificou o ato como uma &#8220;omiss\u00e3o estrat\u00e9gica&#8221; que permitiu o impulsionamento irregular das contas pelos algoritmos das plataformas. A decis\u00e3o liminar concedeu um prazo curto para o cumprimento da remo\u00e7\u00e3o dos perfis sob pena de multa hor\u00e1ria expressiva.<\/p>\n\n\n\n<p class=\"wp-block-paragraph\">A equipe do candidato confirmou que os canais do YouTube e perfis do Instagram ficaram indispon\u00edveis poucas horas ap\u00f3s a notifica\u00e7\u00e3o oficial do tribunal. O desmantelamento das p\u00e1ginas gerou forte rea\u00e7\u00e3o entre lideran\u00e7as do espectro conservador, que passaram a criticar publicamente o rigor do tribunal como uma barreira ao debate democr\u00e1tico e um obst\u00e1culo \u00e0 livre concorr\u00eancia da direita na corrida presidencial. <\/p>\n\n\n\n<p class=\"wp-block-paragraph\">A defesa do partido Miss\u00e3o afirmou que o atraso nos dados foi gerado por falhas t\u00e9cnicas no sistema do TSE e que ir\u00e1 recorrer da decis\u00e3o para tentar reaver a estrutura digital da campanha.<\/p>\n\n\n\n<figure class=\"wp-block-image size-large\"><img loading=\"lazy\" decoding=\"async\" width=\"1024\" height=\"576\" src=\"https:\/\/blogdorogeriogomes.com.br\/noticias\/wp-content\/uploads\/2026\/09\/ras20260831007-1024x576.jpg\" alt=\"\" class=\"wp-image-41984\" srcset=\"https:\/\/blogdorogeriogomes.com.br\/noticias\/wp-content\/uploads\/2026\/09\/ras20260831007-1024x576.jpg 1024w, https:\/\/blogdorogeriogomes.com.br\/noticias\/wp-content\/uploads\/2026\/09\/ras20260831007-300x169.jpg 300w, https:\/\/blogdorogeriogomes.com.br\/noticias\/wp-content\/uploads\/2026\/09\/ras20260831007-768x432.jpg 768w, https:\/\/blogdorogeriogomes.com.br\/noticias\/wp-content\/uploads\/2026\/09\/ras20260831007-800x450.jpg 800w, https:\/\/blogdorogeriogomes.com.br\/noticias\/wp-content\/uploads\/2026\/09\/ras20260831007.jpg 1080w\" sizes=\"auto, (max-width: 1024px) 100vw, 1024px\" \/><\/figure>\n","protected":false},"excerpt":{"rendered":"<p>O ministro Dias Toffoli, do Tribunal Superior Eleitoral (TSE), determinou a suspens\u00e3o das atividades de campanha do candidato \u00e0 Presid\u00eancia da Rep\u00fablica Renan Santos, do partido Miss\u00e3o. A decis\u00e3o monocr\u00e1tica, motivada pela omiss\u00e3o de perfis de redes sociais no registro oficial da candidatura, paralisa os repasses do Fundo Eleitoral, pro\u00edbe a participa\u00e7\u00e3o do pol\u00edtico em debates e interrompe a sua propaganda digital. Como consequ\u00eancia imediata da ordem jur\u00eddica, as principais p\u00e1ginas de articula\u00e7\u00e3o do candidato no YouTube e no&hellip;<\/p>\n","protected":false},"author":1,"featured_media":41984,"comment_status":"open","ping_status":"open","sticky":false,"template":"","format":"standard","meta":{"footnotes":""},"categories":[1],"tags":[],"class_list":["post-41983","post","type-post","status-publish","format-standard","has-post-thumbnail","hentry","category-noticias"],"_links":{"self":[{"href":"https:\/\/blogdorogeriogomes.com.br\/noticias\/wp-json\/wp\/v2\/posts\/41983","targetHints":{"allow":["GET"]}}],"collection":[{"href":"https:\/\/blogdorogeriogomes.com.br\/noticias\/wp-json\/wp\/v2\/posts"}],"about":[{"href":"https:\/\/blogdorogeriogomes.com.br\/noticias\/wp-json\/wp\/v2\/types\/post"}],"author":[{"embeddable":true,"href":"https:\/\/blogdorogeriogomes.com.br\/noticias\/wp-json\/wp\/v2\/users\/1"}],"replies":[{"embeddable":true,"href":"https:\/\/blogdorogeriogomes.com.br\/noticias\/wp-json\/wp\/v2\/comments?post=41983"}],"version-history":[{"count":1,"href":"https:\/\/blogdorogeriogomes.com.br\/noticias\/wp-json\/wp\/v2\/posts\/41983\/revisions"}],"predecessor-version":[{"id":41985,"href":"https:\/\/blogdorogeriogomes.com.br\/noticias\/wp-json\/wp\/v2\/posts\/41983\/revisions\/41985"}],"wp:featuredmedia":[{"embeddable":true,"href":"https:\/\/blogdorogeriogomes.com.br\/noticias\/wp-json\/wp\/v2\/media\/41984"}],"wp:attachment":[{"href":"https:\/\/blogdorogeriogomes.com.br\/noticias\/wp-json\/wp\/v2\/media?parent=41983"}],"wp:term":[{"taxonomy":"category","embeddable":true,"href":"https:\/\/blogdorogeriogomes.com.br\/noticias\/wp-json\/wp\/v2\/categories?post=41983"},{"taxonomy":"post_tag","embeddable":true,"href":"https:\/\/blogdorogeriogomes.com.br\/noticias\/wp-json\/wp\/v2\/tags?post=41983"}],"curies":[{"name":"wp","href":"https:\/\/api.w.org\/{rel}","templated":true}]}}