{"id":41986,"date":"2026-09-01T11:03:02","date_gmt":"2026-09-01T11:03:02","guid":{"rendered":"https:\/\/blogdorogeriogomes.com.br\/noticias\/?p=41986"},"modified":"2026-09-01T11:03:03","modified_gmt":"2026-09-01T11:03:03","slug":"em-jantar-no-palacio-da-alvorada-lula-exibe-dados-fiscais-a-grandes-empresarios-banqueiros-e-tenta-reduzir-resistencia-do-mercado-financeiro-a-um-novo-mandato","status":"publish","type":"post","link":"https:\/\/blogdorogeriogomes.com.br\/noticias\/2026\/09\/em-jantar-no-palacio-da-alvorada-lula-exibe-dados-fiscais-a-grandes-empresarios-banqueiros-e-tenta-reduzir-resistencia-do-mercado-financeiro-a-um-novo-mandato\/","title":{"rendered":"Em jantar no Pal\u00e1cio da Alvorada, Lula exibe dados fiscais a grandes empres\u00e1rios banqueiros e tenta reduzir resist\u00eancia do mercado financeiro a um novo mandato"},"content":{"rendered":"\n<p class=\"wp-block-paragraph\">O presidente Luiz In\u00e1cio Lula da Silva ofereceu, na noite desta segunda-feira, dia 31 de agosto, um jantar exclusivo para 16 dos maiores empres\u00e1rios e banqueiros do Pa\u00eds no Pal\u00e1cio da Alvorada, em Bras\u00edlia. Organizado pelo ministro da Fazenda, Dario Durigan, e pelo presidente do PT, Edinho Silva, o encontro teve como foco central acalmar os \u00e2nimos do setor produtivo e refor\u00e7ar as perspectivas fiscais do Governo Federal \u00e0s v\u00e9speras do cen\u00e1rio eleitoral de 2026.<\/p>\n\n\n\n<p class=\"wp-block-paragraph\">Durante o encontro, que durou cerca de tr\u00eas horas, a conversa girou estritamente em torno da agenda econ\u00f4mica nacional. De um lado, a equipe econ\u00f4mica do Executivo exibiu os n\u00fameros atuais da administra\u00e7\u00e3o p\u00fablica e detalhou as perspectivas fiscais e de planejamento para os pr\u00f3ximos anos. <\/p>\n\n\n\n<p class=\"wp-block-paragraph\">O Governo Lula buscou sinalizar compromisso com a estabilidade e a responsabilidade fiscal em face das cobran\u00e7as por controle da d\u00edvida p\u00fablica.Por outro lado, os empres\u00e1rios e banqueiros presentes tomaram a palavra para fazer avalia\u00e7\u00f5es econ\u00f4micas detalhadas sobre os seus respectivos setores. Foram apresentados diagn\u00f3sticos pr\u00e1ticos sobre os impactos da taxa de juros na atividade industrial, no varejo, no agroneg\u00f3cio e na infraestrutura, al\u00e9m de manifestadas as preocupa\u00e7\u00f5es do mercado com o cen\u00e1rio macroecon\u00f4mico atual. <\/p>\n\n\n\n<p class=\"wp-block-paragraph\">Apesar dos pontos de fric\u00e7\u00e3o naturais entre o Planalto e o PIB, interlocutores classificaram o tom do di\u00e1logo como tranquilo e focado em propostas. A avalia\u00e7\u00e3o de analistas pol\u00edticos aponta que o jantar funcionou como um gesto estrat\u00e9gico imediato de aproxima\u00e7\u00e3o. O movimento ocorreu poucos dias ap\u00f3s o principal advers\u00e1rio pol\u00edtico do governo, o senador Fl\u00e1vio Bolsonaro (PL), apresentar sua pr\u00f3pria plataforma liberal a representantes do mercado financeiro em S\u00e3o Paulo.<\/p>\n\n\n\n<p class=\"wp-block-paragraph\">O Pal\u00e1cio do Planalto usou o jantar no Alvorada para testar a temperatura da elite econ\u00f4mica e mitigar ru\u00eddos recentes na interlocu\u00e7\u00e3o com o setor privado. A estrat\u00e9gia prev\u00ea, ainda para as pr\u00f3ximas semanas, a realiza\u00e7\u00e3o de uma confer\u00eancia ampliada em S\u00e3o Paulo voltada a centenas de investidores.<\/p>\n\n\n\n<p class=\"wp-block-paragraph\">O encontro contou com lideran\u00e7as representativas do mercado financeiro e dos maiores conglomerados do Brasil. Os representantes do Governo foram o Vice-presidente Geraldo Alckmin, ministro Dario Durigan (Fazenda), ministro Bruno Moretti (Planejamento), Aloizio Mercadante (BNDES), Tarciana Medeiros (Banco do Brasil) e Carlos Vieira (Caixa).<\/p>\n\n\n\n<p class=\"wp-block-paragraph\">Do setor financeiro estiveram Andr\u00e9 Esteves (BTG Pactual), Luiz Carlos Trabuco (Bradesco), Roberto Set\u00fabal (Ita\u00fa Unibanco) e Ricardo Lacerda (BR Partners). Da ind\u00fastria e infraestrutura: Rubens Ometto (Cosan), Andr\u00e9 Gerdau (Gerdau), F\u00e1bio Erm\u00edrio de Moraes (Votorantim) e Josu\u00e9 Gomes (Coteminas). Do agroneg\u00f3cio e alimentos: Joesley Batista (JBS) e Era\u00ed Maggi (Grupo Bom Futuro). Da sa\u00fade, transportes e servi\u00e7os: Jos\u00e9 Seripieri Filho (Amil), Henrique Constantino (Gol), Rubens Menin (MRV) e Chaim Zaher (Grupo SEB).<\/p>\n\n\n\n<figure class=\"wp-block-image size-full\"><img loading=\"lazy\" decoding=\"async\" width=\"768\" height=\"512\" src=\"https:\/\/blogdorogeriogomes.com.br\/noticias\/wp-content\/uploads\/2026\/09\/17882304236a963b17a90e1_1788230423_3x2_md.jpg\" alt=\"\" class=\"wp-image-41987\" srcset=\"https:\/\/blogdorogeriogomes.com.br\/noticias\/wp-content\/uploads\/2026\/09\/17882304236a963b17a90e1_1788230423_3x2_md.jpg 768w, https:\/\/blogdorogeriogomes.com.br\/noticias\/wp-content\/uploads\/2026\/09\/17882304236a963b17a90e1_1788230423_3x2_md-300x200.jpg 300w\" sizes=\"auto, (max-width: 768px) 100vw, 768px\" \/><\/figure>\n","protected":false},"excerpt":{"rendered":"<p>O presidente Luiz In\u00e1cio Lula da Silva ofereceu, na noite desta segunda-feira, dia 31 de agosto, um jantar exclusivo para 16 dos maiores empres\u00e1rios e banqueiros do Pa\u00eds no Pal\u00e1cio da Alvorada, em Bras\u00edlia. Organizado pelo ministro da Fazenda, Dario Durigan, e pelo presidente do PT, Edinho Silva, o encontro teve como foco central acalmar os \u00e2nimos do setor produtivo e refor\u00e7ar as perspectivas fiscais do Governo Federal \u00e0s v\u00e9speras do cen\u00e1rio eleitoral de 2026. Durante o encontro, que&hellip;<\/p>\n","protected":false},"author":1,"featured_media":41987,"comment_status":"open","ping_status":"open","sticky":false,"template":"","format":"standard","meta":{"footnotes":""},"categories":[1],"tags":[],"class_list":["post-41986","post","type-post","status-publish","format-standard","has-post-thumbnail","hentry","category-noticias"],"_links":{"self":[{"href":"https:\/\/blogdorogeriogomes.com.br\/noticias\/wp-json\/wp\/v2\/posts\/41986","targetHints":{"allow":["GET"]}}],"collection":[{"href":"https:\/\/blogdorogeriogomes.com.br\/noticias\/wp-json\/wp\/v2\/posts"}],"about":[{"href":"https:\/\/blogdorogeriogomes.com.br\/noticias\/wp-json\/wp\/v2\/types\/post"}],"author":[{"embeddable":true,"href":"https:\/\/blogdorogeriogomes.com.br\/noticias\/wp-json\/wp\/v2\/users\/1"}],"replies":[{"embeddable":true,"href":"https:\/\/blogdorogeriogomes.com.br\/noticias\/wp-json\/wp\/v2\/comments?post=41986"}],"version-history":[{"count":1,"href":"https:\/\/blogdorogeriogomes.com.br\/noticias\/wp-json\/wp\/v2\/posts\/41986\/revisions"}],"predecessor-version":[{"id":41988,"href":"https:\/\/blogdorogeriogomes.com.br\/noticias\/wp-json\/wp\/v2\/posts\/41986\/revisions\/41988"}],"wp:featuredmedia":[{"embeddable":true,"href":"https:\/\/blogdorogeriogomes.com.br\/noticias\/wp-json\/wp\/v2\/media\/41987"}],"wp:attachment":[{"href":"https:\/\/blogdorogeriogomes.com.br\/noticias\/wp-json\/wp\/v2\/media?parent=41986"}],"wp:term":[{"taxonomy":"category","embeddable":true,"href":"https:\/\/blogdorogeriogomes.com.br\/noticias\/wp-json\/wp\/v2\/categories?post=41986"},{"taxonomy":"post_tag","embeddable":true,"href":"https:\/\/blogdorogeriogomes.com.br\/noticias\/wp-json\/wp\/v2\/tags?post=41986"}],"curies":[{"name":"wp","href":"https:\/\/api.w.org\/{rel}","templated":true}]}}