{"id":41989,"date":"2026-09-01T11:11:44","date_gmt":"2026-09-01T11:11:44","guid":{"rendered":"https:\/\/blogdorogeriogomes.com.br\/noticias\/?p=41989"},"modified":"2026-09-01T11:11:45","modified_gmt":"2026-09-01T11:11:45","slug":"evandro-leitao-sanciona-plano-de-cargos-carreiras-e-salarios-das-forcas-da-seguranca-cidada-de-fortaleza","status":"publish","type":"post","link":"https:\/\/blogdorogeriogomes.com.br\/noticias\/2026\/09\/evandro-leitao-sanciona-plano-de-cargos-carreiras-e-salarios-das-forcas-da-seguranca-cidada-de-fortaleza\/","title":{"rendered":"Evandro Leit\u00e3o sanciona Plano de Cargos, Carreiras e Sal\u00e1rios das for\u00e7as da Seguran\u00e7a Cidad\u00e3 de Fortaleza"},"content":{"rendered":"\n<p class=\"wp-block-paragraph\">O prefeito de Fortaleza, Evandro Leit\u00e3o, sancionou, nesta segunda-feira, dia 31 de agosto, os Planos de Cargos, Carreiras e Sal\u00e1rios (PCCS) dos servidores da Guarda Municipal de Fortaleza (GMF), da Defesa Civil e da Assessoria de Seguran\u00e7a Institucional (ASI). A atualiza\u00e7\u00e3o contempla mais de tr\u00eas mil servidores da seguran\u00e7a municipal e representa a revis\u00e3o das carreiras e o estabelecimento de melhores condi\u00e7\u00f5es para a categoria ap\u00f3s quase 20 anos sem uma atualiza\u00e7\u00e3o.<\/p>\n\n\n\n<p class=\"wp-block-paragraph\">\u201cEsse plano \u00e9 fruto de muito di\u00e1logo com a categoria e representa um ganho importante para os servidores da Guarda Municipal, da Defesa Civil e da Assessoria de Seguran\u00e7a Institucional. N\u00f3s assumimos esse compromisso durante a campanha e, agora, estamos cumprindo. Depois de quase 20 anos, estamos garantindo uma nova perspectiva para essas carreiras e valorizando quem trabalha diariamente pela seguran\u00e7a de Fortaleza\u201d, afirmou o prefeito Evandro Leit\u00e3o.<\/p>\n\n\n\n<p class=\"wp-block-paragraph\">O PCCS foi constru\u00eddo a partir de discuss\u00f5es entre a Prefeitura de Fortaleza e as categorias contempladas. A proposta havia sido enviada pelo prefeito \u00e0 C\u00e2mara Municipal de Fortaleza (CMFor) na segunda-feira passada, dia 24, dando in\u00edcio \u00e0 tramita\u00e7\u00e3o do projeto at\u00e9 a sua aprova\u00e7\u00e3o no Legislativo Municipal.\u00a0<\/p>\n\n\n\n<figure class=\"wp-block-image size-large\"><img loading=\"lazy\" decoding=\"async\" width=\"1024\" height=\"683\" src=\"https:\/\/blogdorogeriogomes.com.br\/noticias\/wp-content\/uploads\/2026\/09\/WhatsApp-Image-2026-08-31-at-17.21.07-1-1024x683.jpeg\" alt=\"\" class=\"wp-image-41990\" srcset=\"https:\/\/blogdorogeriogomes.com.br\/noticias\/wp-content\/uploads\/2026\/09\/WhatsApp-Image-2026-08-31-at-17.21.07-1-1024x683.jpeg 1024w, https:\/\/blogdorogeriogomes.com.br\/noticias\/wp-content\/uploads\/2026\/09\/WhatsApp-Image-2026-08-31-at-17.21.07-1-300x200.jpeg 300w, https:\/\/blogdorogeriogomes.com.br\/noticias\/wp-content\/uploads\/2026\/09\/WhatsApp-Image-2026-08-31-at-17.21.07-1-768x512.jpeg 768w, https:\/\/blogdorogeriogomes.com.br\/noticias\/wp-content\/uploads\/2026\/09\/WhatsApp-Image-2026-08-31-at-17.21.07-1-800x534.jpeg 800w, https:\/\/blogdorogeriogomes.com.br\/noticias\/wp-content\/uploads\/2026\/09\/WhatsApp-Image-2026-08-31-at-17.21.07-1.jpeg 1280w\" sizes=\"auto, (max-width: 1024px) 100vw, 1024px\" \/><\/figure>\n","protected":false},"excerpt":{"rendered":"<p>O prefeito de Fortaleza, Evandro Leit\u00e3o, sancionou, nesta segunda-feira, dia 31 de agosto, os Planos de Cargos, Carreiras e Sal\u00e1rios (PCCS) dos servidores da Guarda Municipal de Fortaleza (GMF), da Defesa Civil e da Assessoria de Seguran\u00e7a Institucional (ASI). A atualiza\u00e7\u00e3o contempla mais de tr\u00eas mil servidores da seguran\u00e7a municipal e representa a revis\u00e3o das carreiras e o estabelecimento de melhores condi\u00e7\u00f5es para a categoria ap\u00f3s quase 20 anos sem uma atualiza\u00e7\u00e3o. \u201cEsse plano \u00e9 fruto de muito di\u00e1logo&hellip;<\/p>\n","protected":false},"author":1,"featured_media":41990,"comment_status":"open","ping_status":"open","sticky":false,"template":"","format":"standard","meta":{"footnotes":""},"categories":[1],"tags":[],"class_list":["post-41989","post","type-post","status-publish","format-standard","has-post-thumbnail","hentry","category-noticias"],"_links":{"self":[{"href":"https:\/\/blogdorogeriogomes.com.br\/noticias\/wp-json\/wp\/v2\/posts\/41989","targetHints":{"allow":["GET"]}}],"collection":[{"href":"https:\/\/blogdorogeriogomes.com.br\/noticias\/wp-json\/wp\/v2\/posts"}],"about":[{"href":"https:\/\/blogdorogeriogomes.com.br\/noticias\/wp-json\/wp\/v2\/types\/post"}],"author":[{"embeddable":true,"href":"https:\/\/blogdorogeriogomes.com.br\/noticias\/wp-json\/wp\/v2\/users\/1"}],"replies":[{"embeddable":true,"href":"https:\/\/blogdorogeriogomes.com.br\/noticias\/wp-json\/wp\/v2\/comments?post=41989"}],"version-history":[{"count":1,"href":"https:\/\/blogdorogeriogomes.com.br\/noticias\/wp-json\/wp\/v2\/posts\/41989\/revisions"}],"predecessor-version":[{"id":41991,"href":"https:\/\/blogdorogeriogomes.com.br\/noticias\/wp-json\/wp\/v2\/posts\/41989\/revisions\/41991"}],"wp:featuredmedia":[{"embeddable":true,"href":"https:\/\/blogdorogeriogomes.com.br\/noticias\/wp-json\/wp\/v2\/media\/41990"}],"wp:attachment":[{"href":"https:\/\/blogdorogeriogomes.com.br\/noticias\/wp-json\/wp\/v2\/media?parent=41989"}],"wp:term":[{"taxonomy":"category","embeddable":true,"href":"https:\/\/blogdorogeriogomes.com.br\/noticias\/wp-json\/wp\/v2\/categories?post=41989"},{"taxonomy":"post_tag","embeddable":true,"href":"https:\/\/blogdorogeriogomes.com.br\/noticias\/wp-json\/wp\/v2\/tags?post=41989"}],"curies":[{"name":"wp","href":"https:\/\/api.w.org\/{rel}","templated":true}]}}