{"id":41998,"date":"2026-09-01T15:37:23","date_gmt":"2026-09-01T15:37:23","guid":{"rendered":"https:\/\/blogdorogeriogomes.com.br\/noticias\/?p=41998"},"modified":"2026-09-01T15:37:23","modified_gmt":"2026-09-01T15:37:23","slug":"governador-elmano-de-freitas-confirma-vinda-do-presidente-lula-a-juazeiro-do-norte-na-proxima-sexta-feira-para-fortalecer-a-campanha-governista","status":"publish","type":"post","link":"https:\/\/blogdorogeriogomes.com.br\/noticias\/2026\/09\/governador-elmano-de-freitas-confirma-vinda-do-presidente-lula-a-juazeiro-do-norte-na-proxima-sexta-feira-para-fortalecer-a-campanha-governista\/","title":{"rendered":"Governador Elmano de Freitas confirma vinda do presidente Lula a Juazeiro do Norte na pr\u00f3xima sexta-feira para fortalecer a campanha governista"},"content":{"rendered":"\n<p class=\"wp-block-paragraph\">O governador do Cear\u00e1, Elmano de Freitas, anunciou oficialmente que o presidente Luiz In\u00e1cio Lula da Silva cumprir\u00e1 agenda de campanha em Juazeiro do Norte, na regi\u00e3o do Cariri, na pr\u00f3xima sexta-feira, dia 4 de setembro. A confirma\u00e7\u00e3o foi feita por meio de um v\u00eddeo publicado nas redes sociais do chefe do Executivo estadual nesta ter\u00e7a-feira, dia 1\u00ba.<\/p>\n\n\n\n<p class=\"wp-block-paragraph\">De acordo com o governador, a visita far\u00e1 parte de um grande ato pol\u00edtico regional focado em consolidar o alinhamento entre as esferas estadual e federal na reta final da disputa. Elmano, que concorre \u00e0 reelei\u00e7\u00e3o ao Pal\u00e1cio da Aboli\u00e7\u00e3o, refor\u00e7ou o convite \u00e0 popula\u00e7\u00e3o e aos militantes da regi\u00e3o para recepcionar o presidente no que chamou de uma &#8220;grande festa&#8221; democr\u00e1tica.<\/p>\n\n\n\n<figure class=\"wp-block-image size-large\"><img loading=\"lazy\" decoding=\"async\" width=\"1024\" height=\"651\" src=\"https:\/\/blogdorogeriogomes.com.br\/noticias\/wp-content\/uploads\/2026\/09\/elmano-de-freitas-e-lula-1024x651.jpg\" alt=\"\" class=\"wp-image-41999\" srcset=\"https:\/\/blogdorogeriogomes.com.br\/noticias\/wp-content\/uploads\/2026\/09\/elmano-de-freitas-e-lula-1024x651.jpg 1024w, https:\/\/blogdorogeriogomes.com.br\/noticias\/wp-content\/uploads\/2026\/09\/elmano-de-freitas-e-lula-300x191.jpg 300w, https:\/\/blogdorogeriogomes.com.br\/noticias\/wp-content\/uploads\/2026\/09\/elmano-de-freitas-e-lula-768x488.jpg 768w, https:\/\/blogdorogeriogomes.com.br\/noticias\/wp-content\/uploads\/2026\/09\/elmano-de-freitas-e-lula-1536x977.jpg 1536w, https:\/\/blogdorogeriogomes.com.br\/noticias\/wp-content\/uploads\/2026\/09\/elmano-de-freitas-e-lula-800x509.jpg 800w, https:\/\/blogdorogeriogomes.com.br\/noticias\/wp-content\/uploads\/2026\/09\/elmano-de-freitas-e-lula-320x202.jpg 320w, https:\/\/blogdorogeriogomes.com.br\/noticias\/wp-content\/uploads\/2026\/09\/elmano-de-freitas-e-lula.jpg 2047w\" sizes=\"auto, (max-width: 1024px) 100vw, 1024px\" \/><\/figure>\n","protected":false},"excerpt":{"rendered":"<p>O governador do Cear\u00e1, Elmano de Freitas, anunciou oficialmente que o presidente Luiz In\u00e1cio Lula da Silva cumprir\u00e1 agenda de campanha em Juazeiro do Norte, na regi\u00e3o do Cariri, na pr\u00f3xima sexta-feira, dia 4 de setembro. A confirma\u00e7\u00e3o foi feita por meio de um v\u00eddeo publicado nas redes sociais do chefe do Executivo estadual nesta ter\u00e7a-feira, dia 1\u00ba. De acordo com o governador, a visita far\u00e1 parte de um grande ato pol\u00edtico regional focado em consolidar o alinhamento entre&hellip;<\/p>\n","protected":false},"author":1,"featured_media":41999,"comment_status":"open","ping_status":"open","sticky":false,"template":"","format":"standard","meta":{"footnotes":""},"categories":[1],"tags":[],"class_list":["post-41998","post","type-post","status-publish","format-standard","has-post-thumbnail","hentry","category-noticias"],"_links":{"self":[{"href":"https:\/\/blogdorogeriogomes.com.br\/noticias\/wp-json\/wp\/v2\/posts\/41998","targetHints":{"allow":["GET"]}}],"collection":[{"href":"https:\/\/blogdorogeriogomes.com.br\/noticias\/wp-json\/wp\/v2\/posts"}],"about":[{"href":"https:\/\/blogdorogeriogomes.com.br\/noticias\/wp-json\/wp\/v2\/types\/post"}],"author":[{"embeddable":true,"href":"https:\/\/blogdorogeriogomes.com.br\/noticias\/wp-json\/wp\/v2\/users\/1"}],"replies":[{"embeddable":true,"href":"https:\/\/blogdorogeriogomes.com.br\/noticias\/wp-json\/wp\/v2\/comments?post=41998"}],"version-history":[{"count":1,"href":"https:\/\/blogdorogeriogomes.com.br\/noticias\/wp-json\/wp\/v2\/posts\/41998\/revisions"}],"predecessor-version":[{"id":42000,"href":"https:\/\/blogdorogeriogomes.com.br\/noticias\/wp-json\/wp\/v2\/posts\/41998\/revisions\/42000"}],"wp:featuredmedia":[{"embeddable":true,"href":"https:\/\/blogdorogeriogomes.com.br\/noticias\/wp-json\/wp\/v2\/media\/41999"}],"wp:attachment":[{"href":"https:\/\/blogdorogeriogomes.com.br\/noticias\/wp-json\/wp\/v2\/media?parent=41998"}],"wp:term":[{"taxonomy":"category","embeddable":true,"href":"https:\/\/blogdorogeriogomes.com.br\/noticias\/wp-json\/wp\/v2\/categories?post=41998"},{"taxonomy":"post_tag","embeddable":true,"href":"https:\/\/blogdorogeriogomes.com.br\/noticias\/wp-json\/wp\/v2\/tags?post=41998"}],"curies":[{"name":"wp","href":"https:\/\/api.w.org\/{rel}","templated":true}]}}