{"id":42001,"date":"2026-09-02T00:13:44","date_gmt":"2026-09-02T00:13:44","guid":{"rendered":"https:\/\/blogdorogeriogomes.com.br\/noticias\/?p=42001"},"modified":"2026-09-02T00:13:45","modified_gmt":"2026-09-02T00:13:45","slug":"quebra-de-sigilo-seletivo-do-ministro-andre-mendonca-expoe-alexandre-moraes-abre-crise-institucional-no-stf-e-provoca-pedido-de-nulidade-da-acao-pela-pgr","status":"publish","type":"post","link":"https:\/\/blogdorogeriogomes.com.br\/noticias\/2026\/09\/quebra-de-sigilo-seletivo-do-ministro-andre-mendonca-expoe-alexandre-moraes-abre-crise-institucional-no-stf-e-provoca-pedido-de-nulidade-da-acao-pela-pgr\/","title":{"rendered":"Quebra de sigilo seletivo do ministro Andr\u00e9 Mendon\u00e7a exp\u00f5e Alexandre Moraes, abre crise institucional no STF e provoca pedido de nulidade da a\u00e7\u00e3o pela PGR"},"content":{"rendered":"\n<p class=\"wp-block-paragraph\">O ministro do Supremo Tribunal Federal (STF) Andr\u00e9 Mendon\u00e7a retirou o sigilo de um relat\u00f3rio da Pol\u00edcia Federal que exp\u00f4s mensagens do ex-banqueiro do Banco Master, Daniel Vorcaro, contendo men\u00e7\u00f5es e contatos diretos com o ministro Alexandre de Moraes, al\u00e9m de cita\u00e7\u00f5es ao procurador-geral da Rep\u00fablica, Paulo Gonet, e ao diretor-geral da PF, Andrei Rodrigues. <\/p>\n\n\n\n<p class=\"wp-block-paragraph\">A decis\u00e3o monocr\u00e1tica de Mendon\u00e7a instaurou uma crise interna na Corte, motivando discuss\u00f5es r\u00edspidas nos bastidores e rea\u00e7\u00f5es imediatas da Procuradoria-Geral da Rep\u00fablica (PGR), que acionou o tribunal para anular o documento policial. A abertura dos autos provocou forte descontentamento entre os integrantes do STF. Interlocutores relatam que Alexandre de Moraes e Andr\u00e9 Mendon\u00e7a protagonizaram um confronto verbal direto e exaltado nos bastidores do tribunal.<\/p>\n\n\n\n<p class=\"wp-block-paragraph\">Colegas de Corte criticaram formalmente a conduta de Mendon\u00e7a, argumentando que a quebra de sigilo e o andamento formal de um relat\u00f3rio que cita um ministro do pr\u00f3prio tribunal foram conduzidos sem qualquer consulta pr\u00e9via ao Plen\u00e1rio do STF ou \u00e0 PGR. Pelo regimento da Corte, procedimentos que envolvem autoridades com foro por prerrogativa de fun\u00e7\u00e3o, como magistrados do Supremo, demandam aval do colegiado.<\/p>\n\n\n\n<p class=\"wp-block-paragraph\">O ministro Andr\u00e9 Mendon\u00e7a vem sendo acusado de vazamentos seletivos no caso do Banco Master e tamb\u00e9m em rela\u00e7\u00e3o a Lulinha,  filho do presidente Lula, que \u00e9 investigado por pr\u00e1tica de influ\u00eancia pol\u00edtica no Planalto.  Tudo isso em plena campanha eleitoral, em a\u00e7\u00f5es que favorecem o candidato de oposi\u00e7\u00e3o Fl\u00e1vio Bolsonaro, do PL.<\/p>\n\n\n\n<p class=\"wp-block-paragraph\">Por outro lado, o caso envolvendo o pedido de dinheiro de Fl\u00e1vio Bolsonaro ao ex-banqueiro Daniel Vorcaro, do Banco Master, est\u00e3o sob a responsabilidade do ministro Andr\u00e9 Mendon\u00e7a,  mas sem qualquer tipo de vazamento ou quebra de sigilo para a imprensa. <\/p>\n\n\n\n<p class=\"wp-block-paragraph\">Ap\u00f3s a abertura para a m\u00eddia do relat\u00f3rio da PF onde aparecem conversas de Vorcaro com Alexandre de Moraes, o procurador-geral da Rep\u00fablica, Paulo Gonet, solicitou a nulidade do relat\u00f3rio da Pol\u00edcia Federal onde figuram as cita\u00e7\u00f5es e o n\u00famero atribu\u00eddo ao ministro do STF, Gonet sustentou que Mendon\u00e7a extrapolou suas atribui\u00e7\u00f5es regimentais ao atuar de forma pr\u00e9-processual na identifica\u00e7\u00e3o de interlocutores com foro privilegiado, argumentando que cabe ao Minist\u00e9rio P\u00fablico, e n\u00e3o ao juiz instrutor, conduzir atos investigativos desse espectro.<\/p>\n\n\n\n<p class=\"wp-block-paragraph\">De acordo com o material que teve o sigilo levantado, Daniel Vorcaro, que cumpre pris\u00e3o preventiva ap\u00f3s a liquida\u00e7\u00e3o extrajudicial do Banco Master por fraudes financeiras, enviou dezenas de mensagens a Moraes nos dias que antecederam sua captura pela Opera\u00e7\u00e3o Compliance Zero. Nos di\u00e1logos obtidos, o ex-banqueiro demonstrou conhecimento antecipado de a\u00e7\u00f5es judiciais e pediu interven\u00e7\u00e3o para que Moraes &#8220;sensibilizasse Andrei [Rodrigues]&#8221; ou buscasse conter os avan\u00e7os da investiga\u00e7\u00e3o junto a Gonet.<\/p>\n\n\n\n<figure class=\"wp-block-image size-full\"><img loading=\"lazy\" decoding=\"async\" width=\"568\" height=\"240\" src=\"https:\/\/blogdorogeriogomes.com.br\/noticias\/wp-content\/uploads\/2026\/09\/607f2d_a5e52e638c5a4d60be915aa19a5a2532mv2.png\" alt=\"\" class=\"wp-image-42002\" srcset=\"https:\/\/blogdorogeriogomes.com.br\/noticias\/wp-content\/uploads\/2026\/09\/607f2d_a5e52e638c5a4d60be915aa19a5a2532mv2.png 568w, https:\/\/blogdorogeriogomes.com.br\/noticias\/wp-content\/uploads\/2026\/09\/607f2d_a5e52e638c5a4d60be915aa19a5a2532mv2-300x127.png 300w\" sizes=\"auto, (max-width: 568px) 100vw, 568px\" \/><\/figure>\n","protected":false},"excerpt":{"rendered":"<p>O ministro do Supremo Tribunal Federal (STF) Andr\u00e9 Mendon\u00e7a retirou o sigilo de um relat\u00f3rio da Pol\u00edcia Federal que exp\u00f4s mensagens do ex-banqueiro do Banco Master, Daniel Vorcaro, contendo men\u00e7\u00f5es e contatos diretos com o ministro Alexandre de Moraes, al\u00e9m de cita\u00e7\u00f5es ao procurador-geral da Rep\u00fablica, Paulo Gonet, e ao diretor-geral da PF, Andrei Rodrigues. A decis\u00e3o monocr\u00e1tica de Mendon\u00e7a instaurou uma crise interna na Corte, motivando discuss\u00f5es r\u00edspidas nos bastidores e rea\u00e7\u00f5es imediatas da Procuradoria-Geral da Rep\u00fablica (PGR),&hellip;<\/p>\n","protected":false},"author":1,"featured_media":42002,"comment_status":"open","ping_status":"open","sticky":false,"template":"","format":"standard","meta":{"footnotes":""},"categories":[1],"tags":[],"class_list":["post-42001","post","type-post","status-publish","format-standard","has-post-thumbnail","hentry","category-noticias"],"_links":{"self":[{"href":"https:\/\/blogdorogeriogomes.com.br\/noticias\/wp-json\/wp\/v2\/posts\/42001","targetHints":{"allow":["GET"]}}],"collection":[{"href":"https:\/\/blogdorogeriogomes.com.br\/noticias\/wp-json\/wp\/v2\/posts"}],"about":[{"href":"https:\/\/blogdorogeriogomes.com.br\/noticias\/wp-json\/wp\/v2\/types\/post"}],"author":[{"embeddable":true,"href":"https:\/\/blogdorogeriogomes.com.br\/noticias\/wp-json\/wp\/v2\/users\/1"}],"replies":[{"embeddable":true,"href":"https:\/\/blogdorogeriogomes.com.br\/noticias\/wp-json\/wp\/v2\/comments?post=42001"}],"version-history":[{"count":1,"href":"https:\/\/blogdorogeriogomes.com.br\/noticias\/wp-json\/wp\/v2\/posts\/42001\/revisions"}],"predecessor-version":[{"id":42003,"href":"https:\/\/blogdorogeriogomes.com.br\/noticias\/wp-json\/wp\/v2\/posts\/42001\/revisions\/42003"}],"wp:featuredmedia":[{"embeddable":true,"href":"https:\/\/blogdorogeriogomes.com.br\/noticias\/wp-json\/wp\/v2\/media\/42002"}],"wp:attachment":[{"href":"https:\/\/blogdorogeriogomes.com.br\/noticias\/wp-json\/wp\/v2\/media?parent=42001"}],"wp:term":[{"taxonomy":"category","embeddable":true,"href":"https:\/\/blogdorogeriogomes.com.br\/noticias\/wp-json\/wp\/v2\/categories?post=42001"},{"taxonomy":"post_tag","embeddable":true,"href":"https:\/\/blogdorogeriogomes.com.br\/noticias\/wp-json\/wp\/v2\/tags?post=42001"}],"curies":[{"name":"wp","href":"https:\/\/api.w.org\/{rel}","templated":true}]}}