{"id":42004,"date":"2026-09-02T09:23:04","date_gmt":"2026-09-02T09:23:04","guid":{"rendered":"https:\/\/blogdorogeriogomes.com.br\/noticias\/?p=42004"},"modified":"2026-09-02T09:23:04","modified_gmt":"2026-09-02T09:23:04","slug":"assembleia-legislativa-do-ceara-aprova-criacao-de-novas-delegacias-de-homicidios-em-sobral-e-juazeiro-do-norte","status":"publish","type":"post","link":"https:\/\/blogdorogeriogomes.com.br\/noticias\/2026\/09\/assembleia-legislativa-do-ceara-aprova-criacao-de-novas-delegacias-de-homicidios-em-sobral-e-juazeiro-do-norte\/","title":{"rendered":"Assembleia Legislativa do Cear\u00e1 aprova cria\u00e7\u00e3o de novas Delegacias de Homic\u00eddios em Sobral e Juazeiro do Norte"},"content":{"rendered":"\n<p class=\"wp-block-paragraph\">A Assembleia Legislativa do Estado do Cear\u00e1 (Alece) aprovou o projeto de lei do Governo do Estado que determina a cria\u00e7\u00e3o de duas novas Delegacias de Homic\u00eddios e Prote\u00e7\u00e3o \u00e0 Pessoa (DHPP). As unidades especializadas da Pol\u00edcia Civil ser\u00e3o instaladas nos munic\u00edpios de Sobral, na Regi\u00e3o Norte, e Juazeiro do Norte, no Cariri. A proposta foi votada e aprovada por consenso pelo Plen\u00e1rio 13 de Maio em regime de urg\u00eancia.<\/p>\n\n\n\n<p class=\"wp-block-paragraph\">O objetivo central da medida \u00e9 combater com maior rigor os Crimes Violentos Letais Intencionais (CVLI) fora da Regi\u00e3o Metropolitana de Fortaleza. Conforme a justificativa oficial do projeto, as novas sedes v\u00e3o assegurar uma atua\u00e7\u00e3o policial mais \u00e1gil, t\u00e9cnica e qualificada na apura\u00e7\u00e3o de assassinatos, al\u00e9m de conferir melhor acolhimento a testemunhas e familiares de v\u00edtimas.<\/p>\n\n\n\n<p class=\"wp-block-paragraph\">Para viabilizar o funcionamento das estruturas, a nova legisla\u00e7\u00e3o tamb\u00e9m oficializa a cria\u00e7\u00e3o de 14 cargos de provimento em comiss\u00e3o destinados \u00e0 Pol\u00edcia Civil do Cear\u00e1 (PCCE). A distribui\u00e7\u00e3o das vagas para a gest\u00e3o das delegacias ocorrer\u00e1 da seguinte forma: 2 vagas para Delegados Titulares; 4 vagas para Delegados Adjuntos; e 8 vagas para Chefes de Se\u00e7\u00e3o.<\/p>\n\n\n\n<p class=\"wp-block-paragraph\">Atualmente, o Cear\u00e1 possui delegacias de homic\u00eddios ampliadas apenas na Regi\u00e3o Metropolitana, concentradas em Caucaia, com atua\u00e7\u00e3o em Maranguape, Maracana\u00fa e Pacatuba. Com a interioriza\u00e7\u00e3o da DHPP, o governo estadual busca reduzir as taxas de criminalidade no interior.<\/p>\n\n\n\n<p class=\"wp-block-paragraph\">Pelas redes sociais, o governador Elmano de Freitas comemorou o resultado da vota\u00e7\u00e3o. &#8220;Enviei o projeto para ampliar a atua\u00e7\u00e3o especializada da Pol\u00edcia Civil e fortalecer a investiga\u00e7\u00e3o dos crimes violentos&#8221;, destacou o chefe do Executivo. O texto agora retorna ao gabinete do governador para ser sancionado. A organiza\u00e7\u00e3o detalhada e a data de inaugura\u00e7\u00e3o das unidades ser\u00e3o oficializadas posteriormente via decreto do Poder Executivo.<\/p>\n\n\n\n<figure class=\"wp-block-image size-large\"><img loading=\"lazy\" decoding=\"async\" width=\"1024\" height=\"683\" src=\"https:\/\/blogdorogeriogomes.com.br\/noticias\/wp-content\/uploads\/2026\/09\/416665-1024x683.jpeg\" alt=\"\" class=\"wp-image-42005\" srcset=\"https:\/\/blogdorogeriogomes.com.br\/noticias\/wp-content\/uploads\/2026\/09\/416665-1024x683.jpeg 1024w, https:\/\/blogdorogeriogomes.com.br\/noticias\/wp-content\/uploads\/2026\/09\/416665-300x200.jpeg 300w, https:\/\/blogdorogeriogomes.com.br\/noticias\/wp-content\/uploads\/2026\/09\/416665-768x512.jpeg 768w, https:\/\/blogdorogeriogomes.com.br\/noticias\/wp-content\/uploads\/2026\/09\/416665-1536x1024.jpeg 1536w, https:\/\/blogdorogeriogomes.com.br\/noticias\/wp-content\/uploads\/2026\/09\/416665-2048x1365.jpeg 2048w, https:\/\/blogdorogeriogomes.com.br\/noticias\/wp-content\/uploads\/2026\/09\/416665-800x533.jpeg 800w\" sizes=\"auto, (max-width: 1024px) 100vw, 1024px\" \/><\/figure>\n","protected":false},"excerpt":{"rendered":"<p>A Assembleia Legislativa do Estado do Cear\u00e1 (Alece) aprovou o projeto de lei do Governo do Estado que determina a cria\u00e7\u00e3o de duas novas Delegacias de Homic\u00eddios e Prote\u00e7\u00e3o \u00e0 Pessoa (DHPP). As unidades especializadas da Pol\u00edcia Civil ser\u00e3o instaladas nos munic\u00edpios de Sobral, na Regi\u00e3o Norte, e Juazeiro do Norte, no Cariri. A proposta foi votada e aprovada por consenso pelo Plen\u00e1rio 13 de Maio em regime de urg\u00eancia. O objetivo central da medida \u00e9 combater com maior&hellip;<\/p>\n","protected":false},"author":1,"featured_media":42005,"comment_status":"open","ping_status":"open","sticky":false,"template":"","format":"standard","meta":{"footnotes":""},"categories":[1],"tags":[],"class_list":["post-42004","post","type-post","status-publish","format-standard","has-post-thumbnail","hentry","category-noticias"],"_links":{"self":[{"href":"https:\/\/blogdorogeriogomes.com.br\/noticias\/wp-json\/wp\/v2\/posts\/42004","targetHints":{"allow":["GET"]}}],"collection":[{"href":"https:\/\/blogdorogeriogomes.com.br\/noticias\/wp-json\/wp\/v2\/posts"}],"about":[{"href":"https:\/\/blogdorogeriogomes.com.br\/noticias\/wp-json\/wp\/v2\/types\/post"}],"author":[{"embeddable":true,"href":"https:\/\/blogdorogeriogomes.com.br\/noticias\/wp-json\/wp\/v2\/users\/1"}],"replies":[{"embeddable":true,"href":"https:\/\/blogdorogeriogomes.com.br\/noticias\/wp-json\/wp\/v2\/comments?post=42004"}],"version-history":[{"count":1,"href":"https:\/\/blogdorogeriogomes.com.br\/noticias\/wp-json\/wp\/v2\/posts\/42004\/revisions"}],"predecessor-version":[{"id":42006,"href":"https:\/\/blogdorogeriogomes.com.br\/noticias\/wp-json\/wp\/v2\/posts\/42004\/revisions\/42006"}],"wp:featuredmedia":[{"embeddable":true,"href":"https:\/\/blogdorogeriogomes.com.br\/noticias\/wp-json\/wp\/v2\/media\/42005"}],"wp:attachment":[{"href":"https:\/\/blogdorogeriogomes.com.br\/noticias\/wp-json\/wp\/v2\/media?parent=42004"}],"wp:term":[{"taxonomy":"category","embeddable":true,"href":"https:\/\/blogdorogeriogomes.com.br\/noticias\/wp-json\/wp\/v2\/categories?post=42004"},{"taxonomy":"post_tag","embeddable":true,"href":"https:\/\/blogdorogeriogomes.com.br\/noticias\/wp-json\/wp\/v2\/tags?post=42004"}],"curies":[{"name":"wp","href":"https:\/\/api.w.org\/{rel}","templated":true}]}}