{"id":42007,"date":"2026-09-02T09:48:01","date_gmt":"2026-09-02T09:48:01","guid":{"rendered":"https:\/\/blogdorogeriogomes.com.br\/noticias\/?p=42007"},"modified":"2026-09-02T09:48:01","modified_gmt":"2026-09-02T09:48:01","slug":"presidente-do-senado-davi-alcolumbre-barra-ofensiva-da-oposicao-e-descarta-impeachment-contra-alexandre-de-moraes-denuncias-ainda-serao-analisadas-pelo-plenario-do-stf","status":"publish","type":"post","link":"https:\/\/blogdorogeriogomes.com.br\/noticias\/2026\/09\/presidente-do-senado-davi-alcolumbre-barra-ofensiva-da-oposicao-e-descarta-impeachment-contra-alexandre-de-moraes-denuncias-ainda-serao-analisadas-pelo-plenario-do-stf\/","title":{"rendered":"Presidente do Senado, Davi Alcolumbre, barra ofensiva da oposi\u00e7\u00e3o e descarta impeachment contra Alexandre de Moraes. Den\u00fancias ainda ser\u00e3o analisadas pelo Plen\u00e1rio do STF"},"content":{"rendered":"\n<p class=\"wp-block-paragraph\">O presidente do Senado Federal, Davi Alcolumbre (Uni\u00e3o-AP), sinalizou formalmente que n\u00e3o dar\u00e1 andamento aos novos pedidos de impeachment contra o ministro do Supremo Tribunal Federal (STF), Alexandre de Moraes. Pressionado pela ala governista e pela oposi\u00e7\u00e3o ap\u00f3s a divulga\u00e7\u00e3o de um relat\u00f3rio da Pol\u00edcia Federal (PF), Alcolumbre minimizou as acusa\u00e7\u00f5es envolvendo o magistrado e afirmou que &#8220;n\u00e3o achou nada e n\u00e3o deve achar nada&#8221; que configure crime ou justifique a abertura de um processo de cassa\u00e7\u00e3o. As den\u00fancias de rela\u00e7\u00e3o de proximidade entre Alexandre de Moraes e o ex-banqueiro Daniel Vorcaro ainda devem ser analisadas pelo Plen\u00e1rio do STF.<\/p>\n\n\n\n<p class=\"wp-block-paragraph\">A manifesta\u00e7\u00e3o de Alcolumbre ocorreu nos corredores do Congresso Nacional, logo ap\u00f3s a oposi\u00e7\u00e3o protocolar novas representa\u00e7\u00f5es contra o ministro. O estopim para a nova crise pol\u00edtica foi a derrubada do sigilo, pelo ministro Andr\u00e9 Mendon\u00e7a, de mensagens extra\u00eddas do celular do ex-banqueiro Daniel Vorcaro, que sugeriam proximidade e di\u00e1logos com o gabinete de Moraes.<\/p>\n\n\n\n<p class=\"wp-block-paragraph\">Ao ser questionado por jornalistas sobre a viabilidade de pautar o afastamento do magistrado, o presidente do Senado esquivou-se de analisar o m\u00e9rito das conversas vazadas e preferiu focar no volume total de representa\u00e7\u00f5es guardadas na mesa da presid\u00eancia.&#8221;A minha percep\u00e7\u00e3o \u00e9 que tem 109 pedidos e isso n\u00e3o \u00e9 normal. S\u00e3o 109 solicita\u00e7\u00f5es no Congresso a respeito dos dez ministros do Supremo de pedido de impeachment&#8221;, declarou Alcolumbre, indicando que o volume reflete uma disputa pol\u00edtica cr\u00f4nica, e n\u00e3o necessariamente a exist\u00eancia de crimes materiais.<\/p>\n\n\n\n<p class=\"wp-block-paragraph\">A estrat\u00e9gia de Alcolumbre \u00e9 &#8220;deixar a poeira baixar&#8221;. O senador entende que o Poder Legislativo deve aguardar as delibera\u00e7\u00f5es e investiga\u00e7\u00f5es internas do pr\u00f3prio STF, uma vez que Andr\u00e9 Mendon\u00e7a pretende levar a discuss\u00e3o sobre o relat\u00f3rio da PF ao plen\u00e1rio presencial da Corte, antes de adotar qualquer medida dr\u00e1stica.<\/p>\n\n\n\n<p class=\"wp-block-paragraph\">A postura defensiva do presidente do Senado gerou forte irrita\u00e7\u00e3o na ala bolsonarista. Durante a sess\u00e3o plen\u00e1ria, parlamentares como Fl\u00e1vio Bolsonaro (PL-RJ) e Carlos Viana (PSD-MG) cobraram publicamente uma atitude da presid\u00eancia da Casa. Viana, inclusive, protocolou o que seria a 54\u00aa peti\u00e7\u00e3o de impeachment especificamente direcionada a Moraes e subiu o tom, amea\u00e7ando pedir o afastamento do pr\u00f3prio Alcolumbre da chefia do Senado caso a den\u00fancia seja sumariamente arquivada.<\/p>\n\n\n\n<p class=\"wp-block-paragraph\">Apesar do cerco da oposi\u00e7\u00e3o e das cr\u00edticas nas redes sociais, o controle da pauta e a decis\u00e3o de submeter ou n\u00e3o um pedido de impeachment \u00e0 avalia\u00e7\u00e3o t\u00e9cnica e jur\u00eddica continuam concentrados exclusivamente nas m\u00e3os de Davi Alcolumbre. O parlamentar deixou claro que o foco do esfor\u00e7o concentrado do Senado no momento \u00e9 a vota\u00e7\u00e3o de pautas econ\u00f4micas e sociais priorit\u00e1rias, como a discuss\u00e3o sobre a PEC do fim da jornada de trabalho 6&#215;1.<\/p>\n\n\n\n<figure class=\"wp-block-image size-full\"><img loading=\"lazy\" decoding=\"async\" width=\"1000\" height=\"650\" src=\"https:\/\/blogdorogeriogomes.com.br\/noticias\/wp-content\/uploads\/2026\/09\/26126703514ed4a275483c7ba055f088.webp\" alt=\"\" class=\"wp-image-42008\" srcset=\"https:\/\/blogdorogeriogomes.com.br\/noticias\/wp-content\/uploads\/2026\/09\/26126703514ed4a275483c7ba055f088.webp 1000w, https:\/\/blogdorogeriogomes.com.br\/noticias\/wp-content\/uploads\/2026\/09\/26126703514ed4a275483c7ba055f088-300x195.webp 300w, https:\/\/blogdorogeriogomes.com.br\/noticias\/wp-content\/uploads\/2026\/09\/26126703514ed4a275483c7ba055f088-768x499.webp 768w, https:\/\/blogdorogeriogomes.com.br\/noticias\/wp-content\/uploads\/2026\/09\/26126703514ed4a275483c7ba055f088-800x520.webp 800w\" sizes=\"auto, (max-width: 1000px) 100vw, 1000px\" \/><\/figure>\n","protected":false},"excerpt":{"rendered":"<p>O presidente do Senado Federal, Davi Alcolumbre (Uni\u00e3o-AP), sinalizou formalmente que n\u00e3o dar\u00e1 andamento aos novos pedidos de impeachment contra o ministro do Supremo Tribunal Federal (STF), Alexandre de Moraes. Pressionado pela ala governista e pela oposi\u00e7\u00e3o ap\u00f3s a divulga\u00e7\u00e3o de um relat\u00f3rio da Pol\u00edcia Federal (PF), Alcolumbre minimizou as acusa\u00e7\u00f5es envolvendo o magistrado e afirmou que &#8220;n\u00e3o achou nada e n\u00e3o deve achar nada&#8221; que configure crime ou justifique a abertura de um processo de cassa\u00e7\u00e3o. As den\u00fancias&hellip;<\/p>\n","protected":false},"author":1,"featured_media":42008,"comment_status":"open","ping_status":"open","sticky":false,"template":"","format":"standard","meta":{"footnotes":""},"categories":[1],"tags":[],"class_list":["post-42007","post","type-post","status-publish","format-standard","has-post-thumbnail","hentry","category-noticias"],"_links":{"self":[{"href":"https:\/\/blogdorogeriogomes.com.br\/noticias\/wp-json\/wp\/v2\/posts\/42007","targetHints":{"allow":["GET"]}}],"collection":[{"href":"https:\/\/blogdorogeriogomes.com.br\/noticias\/wp-json\/wp\/v2\/posts"}],"about":[{"href":"https:\/\/blogdorogeriogomes.com.br\/noticias\/wp-json\/wp\/v2\/types\/post"}],"author":[{"embeddable":true,"href":"https:\/\/blogdorogeriogomes.com.br\/noticias\/wp-json\/wp\/v2\/users\/1"}],"replies":[{"embeddable":true,"href":"https:\/\/blogdorogeriogomes.com.br\/noticias\/wp-json\/wp\/v2\/comments?post=42007"}],"version-history":[{"count":1,"href":"https:\/\/blogdorogeriogomes.com.br\/noticias\/wp-json\/wp\/v2\/posts\/42007\/revisions"}],"predecessor-version":[{"id":42009,"href":"https:\/\/blogdorogeriogomes.com.br\/noticias\/wp-json\/wp\/v2\/posts\/42007\/revisions\/42009"}],"wp:featuredmedia":[{"embeddable":true,"href":"https:\/\/blogdorogeriogomes.com.br\/noticias\/wp-json\/wp\/v2\/media\/42008"}],"wp:attachment":[{"href":"https:\/\/blogdorogeriogomes.com.br\/noticias\/wp-json\/wp\/v2\/media?parent=42007"}],"wp:term":[{"taxonomy":"category","embeddable":true,"href":"https:\/\/blogdorogeriogomes.com.br\/noticias\/wp-json\/wp\/v2\/categories?post=42007"},{"taxonomy":"post_tag","embeddable":true,"href":"https:\/\/blogdorogeriogomes.com.br\/noticias\/wp-json\/wp\/v2\/tags?post=42007"}],"curies":[{"name":"wp","href":"https:\/\/api.w.org\/{rel}","templated":true}]}}