{"id":42010,"date":"2026-09-02T10:51:15","date_gmt":"2026-09-02T10:51:15","guid":{"rendered":"https:\/\/blogdorogeriogomes.com.br\/noticias\/?p=42010"},"modified":"2026-09-02T10:51:15","modified_gmt":"2026-09-02T10:51:15","slug":"na-agenda-desta-quarta-feira-elmano-de-freitas-foca-na-rmf-e-no-empresariado-enquanto-ciro-gomes-aposta-no-interior-e-homenagens-legislativas","status":"publish","type":"post","link":"https:\/\/blogdorogeriogomes.com.br\/noticias\/2026\/09\/na-agenda-desta-quarta-feira-elmano-de-freitas-foca-na-rmf-e-no-empresariado-enquanto-ciro-gomes-aposta-no-interior-e-homenagens-legislativas\/","title":{"rendered":"Na agenda desta quarta-feira, Elmano de Freitas foca na RMF e no empresariado, enquanto Ciro Gomes aposta no interior e homenagens legislativas"},"content":{"rendered":"\n<p class=\"wp-block-paragraph\">Os dois principais candidatos ao Governo do Cear\u00e1 nas elei\u00e7\u00f5es de 2026, o atual governador Elmano de Freitas (PT) e o ex-ministro Ciro Gomes (PSDB), cumprem agendas intensas de campanha divididas entre a Capital e o interior do estado nesta quarta-feira, dia 2 de setembro. Em um cen\u00e1rio de acirramento e empate t\u00e9cnico nas pesquisas, as t\u00e1ticas de rua buscam consolidar apoios estrat\u00e9gicos em diferentes nichos de eleitores.<\/p>\n\n\n\n<p class=\"wp-block-paragraph\">Elmano de Freitas (PT) montou uma rota focada em Fortaleza e munic\u00edpios vizinhos da Regi\u00e3o Metropolitana (RMF). Pela manh\u00e3, caminhada com apoiadores no bairro Sapiranga, em Fortaleza. Almo\u00e7o com a Associa\u00e7\u00e3o dos Jovens Empres\u00e1rios (AJE), no Iate Plaza Hotel, buscando di\u00e1logo com o setor produtivo. \u00c0 tarde, carreata no munic\u00edpio de Pacatuba e, \u00e0 noite, caminhada pelas ruas de Guai\u00faba.<\/p>\n\n\n\n<p class=\"wp-block-paragraph\">Ciro Gomes (PSDB) inicia suas atividades na capital, mas dedica a maior parte do dia \u00e0 Regi\u00e3o do Litoral Leste. Pela manh\u00e3, caminhada e comemora\u00e7\u00e3o do anivers\u00e1rio do munic\u00edpio de Potengi, no Cariri, concentrada no Parque de Exposi\u00e7\u00f5es Barnab\u00e9 Ten\u00f3rio de Alencar. \u00c0 tarde, recebimento do t\u00edtulo de Cidad\u00e3o Aracatiense na C\u00e2mara Municipal de Aracati. Na parte da noite, inaugura\u00e7\u00e3o oficial de seu comit\u00ea eleitoral em Aracati e mini carreata na cidade de Icapu\u00ed.<\/p>\n\n\n\n<figure class=\"wp-block-image size-large\"><img loading=\"lazy\" decoding=\"async\" width=\"822\" height=\"1024\" src=\"https:\/\/blogdorogeriogomes.com.br\/noticias\/wp-content\/uploads\/2026\/09\/IMG-20260902-WA0030-822x1024.jpg\" alt=\"\" class=\"wp-image-42011\" srcset=\"https:\/\/blogdorogeriogomes.com.br\/noticias\/wp-content\/uploads\/2026\/09\/IMG-20260902-WA0030-822x1024.jpg 822w, https:\/\/blogdorogeriogomes.com.br\/noticias\/wp-content\/uploads\/2026\/09\/IMG-20260902-WA0030-241x300.jpg 241w, https:\/\/blogdorogeriogomes.com.br\/noticias\/wp-content\/uploads\/2026\/09\/IMG-20260902-WA0030-768x957.jpg 768w, https:\/\/blogdorogeriogomes.com.br\/noticias\/wp-content\/uploads\/2026\/09\/IMG-20260902-WA0030-800x997.jpg 800w, https:\/\/blogdorogeriogomes.com.br\/noticias\/wp-content\/uploads\/2026\/09\/IMG-20260902-WA0030.jpg 1027w\" sizes=\"auto, (max-width: 822px) 100vw, 822px\" \/><\/figure>\n\n\n\n<figure class=\"wp-block-image size-large\"><img loading=\"lazy\" decoding=\"async\" width=\"1024\" height=\"683\" src=\"https:\/\/blogdorogeriogomes.com.br\/noticias\/wp-content\/uploads\/2026\/09\/IMG-20260902-WA0031-1024x683.jpg\" alt=\"\" class=\"wp-image-42012\" srcset=\"https:\/\/blogdorogeriogomes.com.br\/noticias\/wp-content\/uploads\/2026\/09\/IMG-20260902-WA0031-1024x683.jpg 1024w, https:\/\/blogdorogeriogomes.com.br\/noticias\/wp-content\/uploads\/2026\/09\/IMG-20260902-WA0031-300x200.jpg 300w, https:\/\/blogdorogeriogomes.com.br\/noticias\/wp-content\/uploads\/2026\/09\/IMG-20260902-WA0031-768x512.jpg 768w, https:\/\/blogdorogeriogomes.com.br\/noticias\/wp-content\/uploads\/2026\/09\/IMG-20260902-WA0031-800x533.jpg 800w, https:\/\/blogdorogeriogomes.com.br\/noticias\/wp-content\/uploads\/2026\/09\/IMG-20260902-WA0031.jpg 1080w\" sizes=\"auto, (max-width: 1024px) 100vw, 1024px\" \/><\/figure>\n","protected":false},"excerpt":{"rendered":"<p>Os dois principais candidatos ao Governo do Cear\u00e1 nas elei\u00e7\u00f5es de 2026, o atual governador Elmano de Freitas (PT) e o ex-ministro Ciro Gomes (PSDB), cumprem agendas intensas de campanha divididas entre a Capital e o interior do estado nesta quarta-feira, dia 2 de setembro. Em um cen\u00e1rio de acirramento e empate t\u00e9cnico nas pesquisas, as t\u00e1ticas de rua buscam consolidar apoios estrat\u00e9gicos em diferentes nichos de eleitores. Elmano de Freitas (PT) montou uma rota focada em Fortaleza e&hellip;<\/p>\n","protected":false},"author":1,"featured_media":42013,"comment_status":"open","ping_status":"open","sticky":false,"template":"","format":"standard","meta":{"footnotes":""},"categories":[1],"tags":[],"class_list":["post-42010","post","type-post","status-publish","format-standard","has-post-thumbnail","hentry","category-noticias"],"_links":{"self":[{"href":"https:\/\/blogdorogeriogomes.com.br\/noticias\/wp-json\/wp\/v2\/posts\/42010","targetHints":{"allow":["GET"]}}],"collection":[{"href":"https:\/\/blogdorogeriogomes.com.br\/noticias\/wp-json\/wp\/v2\/posts"}],"about":[{"href":"https:\/\/blogdorogeriogomes.com.br\/noticias\/wp-json\/wp\/v2\/types\/post"}],"author":[{"embeddable":true,"href":"https:\/\/blogdorogeriogomes.com.br\/noticias\/wp-json\/wp\/v2\/users\/1"}],"replies":[{"embeddable":true,"href":"https:\/\/blogdorogeriogomes.com.br\/noticias\/wp-json\/wp\/v2\/comments?post=42010"}],"version-history":[{"count":1,"href":"https:\/\/blogdorogeriogomes.com.br\/noticias\/wp-json\/wp\/v2\/posts\/42010\/revisions"}],"predecessor-version":[{"id":42014,"href":"https:\/\/blogdorogeriogomes.com.br\/noticias\/wp-json\/wp\/v2\/posts\/42010\/revisions\/42014"}],"wp:featuredmedia":[{"embeddable":true,"href":"https:\/\/blogdorogeriogomes.com.br\/noticias\/wp-json\/wp\/v2\/media\/42013"}],"wp:attachment":[{"href":"https:\/\/blogdorogeriogomes.com.br\/noticias\/wp-json\/wp\/v2\/media?parent=42010"}],"wp:term":[{"taxonomy":"category","embeddable":true,"href":"https:\/\/blogdorogeriogomes.com.br\/noticias\/wp-json\/wp\/v2\/categories?post=42010"},{"taxonomy":"post_tag","embeddable":true,"href":"https:\/\/blogdorogeriogomes.com.br\/noticias\/wp-json\/wp\/v2\/tags?post=42010"}],"curies":[{"name":"wp","href":"https:\/\/api.w.org\/{rel}","templated":true}]}}