{"id":42015,"date":"2026-09-02T17:45:36","date_gmt":"2026-09-02T17:45:36","guid":{"rendered":"https:\/\/blogdorogeriogomes.com.br\/noticias\/?p=42015"},"modified":"2026-09-02T17:45:37","modified_gmt":"2026-09-02T17:45:37","slug":"encontro-secreto-com-ex-banqueiro-daniel-vorcaro-eleva-crise-no-stf-e-alimenta-suspeita-que-ministro-andre-mendonca-esta-em-campanha-eleitoral","status":"publish","type":"post","link":"https:\/\/blogdorogeriogomes.com.br\/noticias\/2026\/09\/encontro-secreto-com-ex-banqueiro-daniel-vorcaro-eleva-crise-no-stf-e-alimenta-suspeita-que-ministro-andre-mendonca-esta-em-campanha-eleitoral\/","title":{"rendered":"Encontro secreto com ex-banqueiro Daniel Vorcaro eleva crise no STF e alimenta suspeita que ministro Andr\u00e9 Mendon\u00e7a est\u00e1 em campanha eleitoral"},"content":{"rendered":"\n<p class=\"wp-block-paragraph\">A descoberta de um encontro reservado e fora da agenda oficial entre o ministro do Supremo Tribunal Federal (STF), Andr\u00e9 Mendon\u00e7a, e o ex-banqueiro Daniel Vorcaro ampliou a crise institucional na Corte. O epis\u00f3dio trouxe novos e explosivos desdobramentos para as investiga\u00e7\u00f5es sobre fraudes financeiras envolvendo o Banco Master. Nos bastidores, a rea\u00e7\u00e3o da maioria dos ministros foi imediata e severa: magistrados avaliam que Mendon\u00e7a atua de forma deliberada em ritmo de campanha eleitoral, beneficiando diretamente o senador Fl\u00e1vio Bolsonaro (PL). Diante da gravidade dos fatos, o presidente do STF, Edson Fachin, prometeu adotar medidas institucionais nos pr\u00f3ximos dias ap\u00f3s concluir uma an\u00e1lise detalhada do cen\u00e1rio.<\/p>\n\n\n\n<p class=\"wp-block-paragraph\">A revela\u00e7\u00e3o do di\u00e1logo secreto entre Andr\u00e9 Mendon\u00e7a e Daniel Vorcaro mudou o rumo das apura\u00e7\u00f5es sobre o esquema de fraudes no Banco Master. O encontro forneceu novos elementos sobre a extens\u00e3o do caso, ligando diretamente o tr\u00e2mite de processos na alta corte a agentes financeiros sob escrut\u00ednio. A aus\u00eancia de registro oficial do encontro na agenda do ministro gerou forte mal-estar e levantou suspeitas sobre o real prop\u00f3sito da reuni\u00e3o.<\/p>\n\n\n\n<p class=\"wp-block-paragraph\">A maior parte dos integrantes do STF v\u00ea a conduta de Mendon\u00e7a como uma quebra grave de liturgia, associando seus movimentos a interesses estritamente partid\u00e1rios. A maioria dos ministros afirma, reservadamente, que Mendon\u00e7a adota uma postura declaradamente eleitoral, em benef\u00edcio do senador Fl\u00e1vio Bolsonaro (PL), candidato \u00e0 presid\u00eancia da Rep\u00fablica. O posicionamento e as decis\u00f5es do magistrado s\u00e3o interpretados como um escudo pol\u00edtico e estrat\u00e9gico que favorece diretamente o senador fluminense do PL.<\/p>\n\n\n\n<p class=\"wp-block-paragraph\">O Pal\u00e1cio do Planalto e o Congresso acompanham com aten\u00e7\u00e3o o desfecho da crise que se instalou no comando do Judici\u00e1rio. O ministro Edson Fachin, presidente do STF, classificou a situa\u00e7\u00e3o como cr\u00edtica para a credibilidade da institui\u00e7\u00e3o. Fachin garantiu a interlocutores que vai deliberar sobre medidas administrativas e regimentais cab\u00edveis nos pr\u00f3ximos dias, logo ap\u00f3s finalizar o diagn\u00f3stico do impacto do epis\u00f3dio nas investiga\u00e7\u00f5es em curso.<\/p>\n\n\n\n<figure class=\"wp-block-image size-large\"><img loading=\"lazy\" decoding=\"async\" width=\"1024\" height=\"682\" src=\"https:\/\/blogdorogeriogomes.com.br\/noticias\/wp-content\/uploads\/2026\/09\/AndreMendonca-STF-SupremoTribunalFederal-31-scaled-1-1024x682.jpg\" alt=\"\" class=\"wp-image-42016\" srcset=\"https:\/\/blogdorogeriogomes.com.br\/noticias\/wp-content\/uploads\/2026\/09\/AndreMendonca-STF-SupremoTribunalFederal-31-scaled-1-1024x682.jpg 1024w, https:\/\/blogdorogeriogomes.com.br\/noticias\/wp-content\/uploads\/2026\/09\/AndreMendonca-STF-SupremoTribunalFederal-31-scaled-1-300x200.jpg 300w, https:\/\/blogdorogeriogomes.com.br\/noticias\/wp-content\/uploads\/2026\/09\/AndreMendonca-STF-SupremoTribunalFederal-31-scaled-1-768x512.jpg 768w, https:\/\/blogdorogeriogomes.com.br\/noticias\/wp-content\/uploads\/2026\/09\/AndreMendonca-STF-SupremoTribunalFederal-31-scaled-1-1536x1023.jpg 1536w, https:\/\/blogdorogeriogomes.com.br\/noticias\/wp-content\/uploads\/2026\/09\/AndreMendonca-STF-SupremoTribunalFederal-31-scaled-1-800x533.jpg 800w, https:\/\/blogdorogeriogomes.com.br\/noticias\/wp-content\/uploads\/2026\/09\/AndreMendonca-STF-SupremoTribunalFederal-31-scaled-1.jpg 1621w\" sizes=\"auto, (max-width: 1024px) 100vw, 1024px\" \/><\/figure>\n","protected":false},"excerpt":{"rendered":"<p>A descoberta de um encontro reservado e fora da agenda oficial entre o ministro do Supremo Tribunal Federal (STF), Andr\u00e9 Mendon\u00e7a, e o ex-banqueiro Daniel Vorcaro ampliou a crise institucional na Corte. O epis\u00f3dio trouxe novos e explosivos desdobramentos para as investiga\u00e7\u00f5es sobre fraudes financeiras envolvendo o Banco Master. Nos bastidores, a rea\u00e7\u00e3o da maioria dos ministros foi imediata e severa: magistrados avaliam que Mendon\u00e7a atua de forma deliberada em ritmo de campanha eleitoral, beneficiando diretamente o senador Fl\u00e1vio&hellip;<\/p>\n","protected":false},"author":1,"featured_media":42016,"comment_status":"open","ping_status":"open","sticky":false,"template":"","format":"standard","meta":{"footnotes":""},"categories":[1],"tags":[],"class_list":["post-42015","post","type-post","status-publish","format-standard","has-post-thumbnail","hentry","category-noticias"],"_links":{"self":[{"href":"https:\/\/blogdorogeriogomes.com.br\/noticias\/wp-json\/wp\/v2\/posts\/42015","targetHints":{"allow":["GET"]}}],"collection":[{"href":"https:\/\/blogdorogeriogomes.com.br\/noticias\/wp-json\/wp\/v2\/posts"}],"about":[{"href":"https:\/\/blogdorogeriogomes.com.br\/noticias\/wp-json\/wp\/v2\/types\/post"}],"author":[{"embeddable":true,"href":"https:\/\/blogdorogeriogomes.com.br\/noticias\/wp-json\/wp\/v2\/users\/1"}],"replies":[{"embeddable":true,"href":"https:\/\/blogdorogeriogomes.com.br\/noticias\/wp-json\/wp\/v2\/comments?post=42015"}],"version-history":[{"count":1,"href":"https:\/\/blogdorogeriogomes.com.br\/noticias\/wp-json\/wp\/v2\/posts\/42015\/revisions"}],"predecessor-version":[{"id":42017,"href":"https:\/\/blogdorogeriogomes.com.br\/noticias\/wp-json\/wp\/v2\/posts\/42015\/revisions\/42017"}],"wp:featuredmedia":[{"embeddable":true,"href":"https:\/\/blogdorogeriogomes.com.br\/noticias\/wp-json\/wp\/v2\/media\/42016"}],"wp:attachment":[{"href":"https:\/\/blogdorogeriogomes.com.br\/noticias\/wp-json\/wp\/v2\/media?parent=42015"}],"wp:term":[{"taxonomy":"category","embeddable":true,"href":"https:\/\/blogdorogeriogomes.com.br\/noticias\/wp-json\/wp\/v2\/categories?post=42015"},{"taxonomy":"post_tag","embeddable":true,"href":"https:\/\/blogdorogeriogomes.com.br\/noticias\/wp-json\/wp\/v2\/tags?post=42015"}],"curies":[{"name":"wp","href":"https:\/\/api.w.org\/{rel}","templated":true}]}}