{"id":42031,"date":"2026-09-03T14:29:42","date_gmt":"2026-09-03T14:29:42","guid":{"rendered":"https:\/\/blogdorogeriogomes.com.br\/noticias\/?p=42031"},"modified":"2026-09-03T14:41:11","modified_gmt":"2026-09-03T14:41:11","slug":"nova-pesquisa-focus-poder-indica-encurtamento-da-vantagem-de-ciro-gomes-sobre-elmano-de-freitas-484-x-458","status":"publish","type":"post","link":"https:\/\/blogdorogeriogomes.com.br\/noticias\/2026\/09\/nova-pesquisa-focus-poder-indica-encurtamento-da-vantagem-de-ciro-gomes-sobre-elmano-de-freitas-484-x-458\/","title":{"rendered":"Nova pesquisa Focus Poder\/AtlasIntel indica encurtamento da vantagem de Ciro Gomes sobre Elmano de Freitas: 48,4% x 45,8%"},"content":{"rendered":"\n<p class=\"wp-block-paragraph\">A disputa pelo governo do Cear\u00e1 segue indefinida e altamente polarizada. De acordo com a nova pesquisa Focus Poder\/AtlasIntel, divulgada nesta quinta-feira, dia 3 de setembro, os candidatos Ciro Gomes (PSDB) e Elmano de Freitas (PT) aparecem em empate t\u00e9cnico na corrida pelo primeiro turno.<\/p>\n\n\n\n<p class=\"wp-block-paragraph\">A vantagem num\u00e9rica de Ciro Gomes encurtou em rela\u00e7\u00e3o ao levantamento anterior, caindo de 4,7 para 2,6 pontos percentuais. Como a margem de erro do estudo \u00e9 de dois pontos para mais ou para menos, n\u00e3o \u00e9 poss\u00edvel apontar lideran\u00e7a isolada. Os dois principais concorrentes concentram expressivos 94,2% das inten\u00e7\u00f5es de voto.<\/p>\n\n\n\n<p class=\"wp-block-paragraph\">Cen\u00e1rio Estimulado<\/p>\n\n\n\n<p class=\"wp-block-paragraph\">Ciro Gomes (PSDB): 48,4%<\/p>\n\n\n\n<p class=\"wp-block-paragraph\">Elmano de Freitas (PT): 45,8%<\/p>\n\n\n\n<p class=\"wp-block-paragraph\">Delegado Hugo (Miss\u00e3o): 1%<\/p>\n\n\n\n<p class=\"wp-block-paragraph\">N\u00e3o sabe: 3%<\/p>\n\n\n\n<p class=\"wp-block-paragraph\">Brancos \/ Nulos: 1,2%<\/p>\n\n\n\n<p class=\"wp-block-paragraph\">Outros candidatos: abaixo de 0,5%<\/p>\n\n\n\n<p class=\"wp-block-paragraph\">A pesquisa quantitativa ouviu 1.834 eleitores de diversas regi\u00f5es do Cear\u00e1 entre os dias 28 de agosto e 2 de setembro de 2026. O n\u00edvel de confian\u00e7a estipulado \u00e9 de 95%.<\/p>\n\n\n\n<figure class=\"wp-block-image size-large\"><img loading=\"lazy\" decoding=\"async\" width=\"1024\" height=\"893\" src=\"https:\/\/blogdorogeriogomes.com.br\/noticias\/wp-content\/uploads\/2026\/09\/images-17-1024x893.jpeg\" alt=\"\" class=\"wp-image-42032\" srcset=\"https:\/\/blogdorogeriogomes.com.br\/noticias\/wp-content\/uploads\/2026\/09\/images-17-1024x893.jpeg 1024w, https:\/\/blogdorogeriogomes.com.br\/noticias\/wp-content\/uploads\/2026\/09\/images-17-300x262.jpeg 300w, https:\/\/blogdorogeriogomes.com.br\/noticias\/wp-content\/uploads\/2026\/09\/images-17-768x670.jpeg 768w, https:\/\/blogdorogeriogomes.com.br\/noticias\/wp-content\/uploads\/2026\/09\/images-17-1536x1340.jpeg 1536w, https:\/\/blogdorogeriogomes.com.br\/noticias\/wp-content\/uploads\/2026\/09\/images-17-800x698.jpeg 800w, https:\/\/blogdorogeriogomes.com.br\/noticias\/wp-content\/uploads\/2026\/09\/images-17.jpeg 1976w\" sizes=\"auto, (max-width: 1024px) 100vw, 1024px\" \/><\/figure>\n","protected":false},"excerpt":{"rendered":"<p>A disputa pelo governo do Cear\u00e1 segue indefinida e altamente polarizada. De acordo com a nova pesquisa Focus Poder\/AtlasIntel, divulgada nesta quinta-feira, dia 3 de setembro, os candidatos Ciro Gomes (PSDB) e Elmano de Freitas (PT) aparecem em empate t\u00e9cnico na corrida pelo primeiro turno. A vantagem num\u00e9rica de Ciro Gomes encurtou em rela\u00e7\u00e3o ao levantamento anterior, caindo de 4,7 para 2,6 pontos percentuais. Como a margem de erro do estudo \u00e9 de dois pontos para mais ou para&hellip;<\/p>\n","protected":false},"author":1,"featured_media":42032,"comment_status":"open","ping_status":"open","sticky":false,"template":"","format":"standard","meta":{"footnotes":""},"categories":[1],"tags":[],"class_list":["post-42031","post","type-post","status-publish","format-standard","has-post-thumbnail","hentry","category-noticias"],"_links":{"self":[{"href":"https:\/\/blogdorogeriogomes.com.br\/noticias\/wp-json\/wp\/v2\/posts\/42031","targetHints":{"allow":["GET"]}}],"collection":[{"href":"https:\/\/blogdorogeriogomes.com.br\/noticias\/wp-json\/wp\/v2\/posts"}],"about":[{"href":"https:\/\/blogdorogeriogomes.com.br\/noticias\/wp-json\/wp\/v2\/types\/post"}],"author":[{"embeddable":true,"href":"https:\/\/blogdorogeriogomes.com.br\/noticias\/wp-json\/wp\/v2\/users\/1"}],"replies":[{"embeddable":true,"href":"https:\/\/blogdorogeriogomes.com.br\/noticias\/wp-json\/wp\/v2\/comments?post=42031"}],"version-history":[{"count":2,"href":"https:\/\/blogdorogeriogomes.com.br\/noticias\/wp-json\/wp\/v2\/posts\/42031\/revisions"}],"predecessor-version":[{"id":42034,"href":"https:\/\/blogdorogeriogomes.com.br\/noticias\/wp-json\/wp\/v2\/posts\/42031\/revisions\/42034"}],"wp:featuredmedia":[{"embeddable":true,"href":"https:\/\/blogdorogeriogomes.com.br\/noticias\/wp-json\/wp\/v2\/media\/42032"}],"wp:attachment":[{"href":"https:\/\/blogdorogeriogomes.com.br\/noticias\/wp-json\/wp\/v2\/media?parent=42031"}],"wp:term":[{"taxonomy":"category","embeddable":true,"href":"https:\/\/blogdorogeriogomes.com.br\/noticias\/wp-json\/wp\/v2\/categories?post=42031"},{"taxonomy":"post_tag","embeddable":true,"href":"https:\/\/blogdorogeriogomes.com.br\/noticias\/wp-json\/wp\/v2\/tags?post=42031"}],"curies":[{"name":"wp","href":"https:\/\/api.w.org\/{rel}","templated":true}]}}