{"id":42035,"date":"2026-09-03T19:16:43","date_gmt":"2026-09-03T19:16:43","guid":{"rendered":"https:\/\/blogdorogeriogomes.com.br\/noticias\/?p=42035"},"modified":"2026-09-03T19:16:44","modified_gmt":"2026-09-03T19:16:44","slug":"apos-pressao-por-elo-com-daniel-vorcaro-ministro-andre-mendonca-deixa-sociedade-de-seu-instituto-privado-que-recebeu-r-82-milhoes-em-verba-publica-nos-ultimos-dois-anos","status":"publish","type":"post","link":"https:\/\/blogdorogeriogomes.com.br\/noticias\/2026\/09\/apos-pressao-por-elo-com-daniel-vorcaro-ministro-andre-mendonca-deixa-sociedade-de-seu-instituto-privado-que-recebeu-r-82-milhoes-em-verba-publica-nos-ultimos-dois-anos\/","title":{"rendered":"Ap\u00f3s press\u00e3o por elo com Daniel Vorcaro, ministro Andr\u00e9 Mendon\u00e7a deixa sociedade de seu instituto privado que recebeu R$ 8,2 milh\u00f5es em verba p\u00fablica nos \u00faltimos dois anos"},"content":{"rendered":"\n<p class=\"wp-block-paragraph\">O ministro do Supremo Tribunal Federal (STF), Andr\u00e9 Mendon\u00e7a, decidiu deixar a sociedade do Instituto Iter. A decis\u00e3o foi formalizada em meio ao aumento da press\u00e3o pol\u00edtica e do escrut\u00ednio p\u00fablico ap\u00f3s a revela\u00e7\u00e3o de que o magistrado se reuniu na sede da pr\u00f3pria institui\u00e7\u00e3o de ensino com o banqueiro Daniel Vorcaro, ex-controlador do Banco Master.<\/p>\n\n\n\n<p class=\"wp-block-paragraph\">Mendon\u00e7a e sua esposa, Janei Mendon\u00e7a, v\u00e3o transferir integralmente as suas cotas societ\u00e1rias sem nenhuma contrapartida financeira. Em nota p\u00fablica, a defesa do ministro informou que a escola passar\u00e1 a funcionar como uma entidade sem fins lucrativos e com foco exclusivamente voltado a a\u00e7\u00f5es sociais e educacionais. O integrante da Suprema Corte declarou que nunca auferiu lucros com a opera\u00e7\u00e3o do neg\u00f3cio e que passar\u00e1 a atuar estritamente como professor acad\u00eamico dentro do instituto.<\/p>\n\n\n\n<p class=\"wp-block-paragraph\">O recuo societ\u00e1rio do ministro ocorre em um momento em que as finan\u00e7as do Instituto Iter se tornaram o principal alvo de questionamentos e investiga\u00e7\u00f5es na imprensa. Criado no final de 2023, o instituto privado de cursos jur\u00eddicos e capacita\u00e7\u00e3o faturou alto por meio de contrata\u00e7\u00f5es diretas com \u00f3rg\u00e3os da administra\u00e7\u00e3o p\u00fablica em todo o pa\u00eds.<\/p>\n\n\n\n<p class=\"wp-block-paragraph\">Levantamentos de auditorias e portais de transpar\u00eancia apontam que, em apenas dois anos, o instituto de Andr\u00e9 Mendon\u00e7a recebeu R$ 8,2 milh\u00f5es em verba p\u00fablica. Ao todo, a escola acumula mais de 50 contratos com estados e prefeituras, sendo a esmagadora maioria deles (mais de 98%) celebrados sem a necessidade de licita\u00e7\u00e3o pr\u00e9via, sob a justificativa jur\u00eddica de inexigibilidade de concorr\u00eancia.<\/p>\n\n\n\n<p class=\"wp-block-paragraph\">Al\u00e9m da soma global milion\u00e1ria, chamou aten\u00e7\u00e3o o perfil das contrata\u00e7\u00f5es diretas ligadas a c\u00fapulas pol\u00edticas regionais e nacionais. Entre os maiores acordos firmados pelo Instituto Iter, uma entidade controlada e ligada politicamente a partidos do Centr\u00e3o contratou o instituto de Mendon\u00e7a por R$ 2,4 milh\u00f5es para presta\u00e7\u00e3o de servi\u00e7os educacionais de forma\u00e7\u00e3o e MBAs a servidores.<\/p>\n\n\n\n<p class=\"wp-block-paragraph\">Os repasses e a proximidade do ministro com figuras sob investiga\u00e7\u00e3o geraram intensos debates nos bastidores do Poder Judici\u00e1rio sobre o conflito de interesses de magistrados que administram escolas de neg\u00f3cios paralelas \u00e0 fun\u00e7\u00e3o jurisdicional na mais alta Corte do pa\u00eds.<\/p>\n\n\n\n<figure class=\"wp-block-image size-large\"><img loading=\"lazy\" decoding=\"async\" width=\"1024\" height=\"1024\" src=\"https:\/\/blogdorogeriogomes.com.br\/noticias\/wp-content\/uploads\/2026\/09\/whatsapp-image-2026-09-02-at-095138-0e846c47-1024x1024.webp\" alt=\"\" class=\"wp-image-42036\" srcset=\"https:\/\/blogdorogeriogomes.com.br\/noticias\/wp-content\/uploads\/2026\/09\/whatsapp-image-2026-09-02-at-095138-0e846c47-1024x1024.webp 1024w, https:\/\/blogdorogeriogomes.com.br\/noticias\/wp-content\/uploads\/2026\/09\/whatsapp-image-2026-09-02-at-095138-0e846c47-300x300.webp 300w, https:\/\/blogdorogeriogomes.com.br\/noticias\/wp-content\/uploads\/2026\/09\/whatsapp-image-2026-09-02-at-095138-0e846c47-150x150.webp 150w, https:\/\/blogdorogeriogomes.com.br\/noticias\/wp-content\/uploads\/2026\/09\/whatsapp-image-2026-09-02-at-095138-0e846c47-768x768.webp 768w, https:\/\/blogdorogeriogomes.com.br\/noticias\/wp-content\/uploads\/2026\/09\/whatsapp-image-2026-09-02-at-095138-0e846c47-800x800.webp 800w, https:\/\/blogdorogeriogomes.com.br\/noticias\/wp-content\/uploads\/2026\/09\/whatsapp-image-2026-09-02-at-095138-0e846c47-250x250.webp 250w, https:\/\/blogdorogeriogomes.com.br\/noticias\/wp-content\/uploads\/2026\/09\/whatsapp-image-2026-09-02-at-095138-0e846c47.webp 1284w\" sizes=\"auto, (max-width: 1024px) 100vw, 1024px\" \/><\/figure>\n","protected":false},"excerpt":{"rendered":"<p>O ministro do Supremo Tribunal Federal (STF), Andr\u00e9 Mendon\u00e7a, decidiu deixar a sociedade do Instituto Iter. A decis\u00e3o foi formalizada em meio ao aumento da press\u00e3o pol\u00edtica e do escrut\u00ednio p\u00fablico ap\u00f3s a revela\u00e7\u00e3o de que o magistrado se reuniu na sede da pr\u00f3pria institui\u00e7\u00e3o de ensino com o banqueiro Daniel Vorcaro, ex-controlador do Banco Master. Mendon\u00e7a e sua esposa, Janei Mendon\u00e7a, v\u00e3o transferir integralmente as suas cotas societ\u00e1rias sem nenhuma contrapartida financeira. Em nota p\u00fablica, a defesa do&hellip;<\/p>\n","protected":false},"author":1,"featured_media":42036,"comment_status":"open","ping_status":"open","sticky":false,"template":"","format":"standard","meta":{"footnotes":""},"categories":[1],"tags":[],"class_list":["post-42035","post","type-post","status-publish","format-standard","has-post-thumbnail","hentry","category-noticias"],"_links":{"self":[{"href":"https:\/\/blogdorogeriogomes.com.br\/noticias\/wp-json\/wp\/v2\/posts\/42035","targetHints":{"allow":["GET"]}}],"collection":[{"href":"https:\/\/blogdorogeriogomes.com.br\/noticias\/wp-json\/wp\/v2\/posts"}],"about":[{"href":"https:\/\/blogdorogeriogomes.com.br\/noticias\/wp-json\/wp\/v2\/types\/post"}],"author":[{"embeddable":true,"href":"https:\/\/blogdorogeriogomes.com.br\/noticias\/wp-json\/wp\/v2\/users\/1"}],"replies":[{"embeddable":true,"href":"https:\/\/blogdorogeriogomes.com.br\/noticias\/wp-json\/wp\/v2\/comments?post=42035"}],"version-history":[{"count":1,"href":"https:\/\/blogdorogeriogomes.com.br\/noticias\/wp-json\/wp\/v2\/posts\/42035\/revisions"}],"predecessor-version":[{"id":42037,"href":"https:\/\/blogdorogeriogomes.com.br\/noticias\/wp-json\/wp\/v2\/posts\/42035\/revisions\/42037"}],"wp:featuredmedia":[{"embeddable":true,"href":"https:\/\/blogdorogeriogomes.com.br\/noticias\/wp-json\/wp\/v2\/media\/42036"}],"wp:attachment":[{"href":"https:\/\/blogdorogeriogomes.com.br\/noticias\/wp-json\/wp\/v2\/media?parent=42035"}],"wp:term":[{"taxonomy":"category","embeddable":true,"href":"https:\/\/blogdorogeriogomes.com.br\/noticias\/wp-json\/wp\/v2\/categories?post=42035"},{"taxonomy":"post_tag","embeddable":true,"href":"https:\/\/blogdorogeriogomes.com.br\/noticias\/wp-json\/wp\/v2\/tags?post=42035"}],"curies":[{"name":"wp","href":"https:\/\/api.w.org\/{rel}","templated":true}]}}