{"id":42041,"date":"2026-09-04T09:59:50","date_gmt":"2026-09-04T09:59:50","guid":{"rendered":"https:\/\/blogdorogeriogomes.com.br\/noticias\/?p=42041"},"modified":"2026-09-04T10:03:31","modified_gmt":"2026-09-04T10:03:31","slug":"guerra-no-stf-alexandre-de-moraes-pede-a-edson-fachin-investigacao-contra-andre-mendonca-por-abuso-e-direcionamento-politico","status":"publish","type":"post","link":"https:\/\/blogdorogeriogomes.com.br\/noticias\/2026\/09\/guerra-no-stf-alexandre-de-moraes-pede-a-edson-fachin-investigacao-contra-andre-mendonca-por-abuso-e-direcionamento-politico\/","title":{"rendered":"Guerra no STF: Alexandre de Moraes pede a Edson Fachin investiga\u00e7\u00e3o contra Andr\u00e9 Mendon\u00e7a por abuso e direcionamento pol\u00edtico"},"content":{"rendered":"\n<p class=\"wp-block-paragraph\">O ministro Alexandre de Moraes, do Supremo Tribunal Federal (STF), solicitou oficialmente ao presidente da Corte, Edson Fachin, a abertura de uma investiga\u00e7\u00e3o contra o tamb\u00e9m ministro Andr\u00e9 Mendon\u00e7a. A decis\u00e3o, tomada no \u00e2mbito do inqu\u00e9rito das fake news, aponta a exist\u00eancia de \u201cfortes ind\u00edcios\u201d da pr\u00e1tica de abuso de autoridade, improbidade administrativa e crime de responsabilidade.<\/p>\n\n\n\n<p class=\"wp-block-paragraph\">A peti\u00e7\u00e3o baseia-se em relat\u00f3rios de intelig\u00eancia enviados pela Pol\u00edcia Federal (PF), os quais revelam supostas irregularidades graves cometidas por Mendon\u00e7a na condu\u00e7\u00e3o das opera\u00e7\u00f5es Sem Desconto (fraudes no INSS) e Compliance Zero (envolvendo o Banco Master). De acordo com as acusa\u00e7\u00f5es, o ministro teria violado a imparcialidade judicial para favorecer determinados grupos pol\u00edticos e mirar alvos espec\u00edficos.<\/p>\n\n\n\n<p class=\"wp-block-paragraph\">Segundo os documentos da PF reproduzidos no despacho, Andr\u00e9 Mendon\u00e7a \u00e9 acusado de tentar usurpar a dire\u00e7\u00e3o das apura\u00e7\u00f5es policiais e interferir de maneira direta no trabalho t\u00e9cnico de delegados, exigindo acesso a dados brutos antes de an\u00e1lises conclusivas.<\/p>\n\n\n\n<p class=\"wp-block-paragraph\">Os relat\u00f3rios apontam que houve a produ\u00e7\u00e3o de acusa\u00e7\u00f5es e imputa\u00e7\u00f5es &#8220;sem lastro&#8221; jur\u00eddico ou probat\u00f3rio contra F\u00e1bio Lu\u00eds Lula da Silva, filho do presidente Lula. O material sugere que Mendon\u00e7a operou um direcionamento das investiga\u00e7\u00f5es por raz\u00f5es estritamente pessoais e pol\u00edticas.<\/p>\n\n\n\n<p class=\"wp-block-paragraph\">Al\u00e9m de pedir reiteradamente que a equipe trouxesse &#8220;provoca\u00e7\u00f5es&#8221; para abrir investiga\u00e7\u00f5es formais contra o pr\u00f3prio Alexandre de Moraes, o ministro tamb\u00e9m focou seus esfor\u00e7os no presidente do Senado, Davi Alcolumbre, apontado pela PF como um &#8220;alvo estrat\u00e9gico&#8221; para fins de press\u00e3o pol\u00edtica.<\/p>\n\n\n\n<p class=\"wp-block-paragraph\">Outro trecho contundente dos relat\u00f3rios policiais exp\u00f5e o tratamento diferenciado adotado por Andr\u00e9 Mendon\u00e7a diante de diferentes membros da Suprema Corte. Enquanto buscava formas de enquadrar e desgastar Moraes, o relator teria agido com &#8220;contemporiza\u00e7\u00e3o&#8221; e adotado postura abertamente defensiva ao lidar com ind\u00edcios de ilicitudes envolvendo os ministros Dias Toffoli e Kassio Nunes Marques.<\/p>\n\n\n\n<p class=\"wp-block-paragraph\">De acordo com a PF, Mendon\u00e7a simplesmente ignorou ou blindou elementos probat\u00f3rios enviados pela corpora\u00e7\u00e3o que citavam Toffoli e Nunes Marques, optando por afastar as suspeitas contra os dois ao mesmo tempo em que acelerava o cerco contra Moraes no caso envolvendo o banqueiro Daniel Vorcaro.<\/p>\n\n\n\n<p class=\"wp-block-paragraph\">O pedido de Moraes agrava drasticamente a crise institucional interna do STF. Diante das acusa\u00e7\u00f5es cruzadas, o presidente Edson Fachin estipulou um prazo de cinco dias para que Alexandre de Moraes, Andr\u00e9 Mendon\u00e7a, a Pol\u00edcia Federal e a Procuradoria-Geral da Rep\u00fablica (PGR) prestem esclarecimentos formais sobre o caso. Caber\u00e1 ao plen\u00e1rio da Corte deliberar sobre a abertura da investiga\u00e7\u00e3o contra Mendon\u00e7a.<\/p>\n\n\n\n<figure class=\"wp-block-image size-large\"><img loading=\"lazy\" decoding=\"async\" width=\"1024\" height=\"768\" src=\"https:\/\/blogdorogeriogomes.com.br\/noticias\/wp-content\/uploads\/2026\/09\/O-ministro-Alexandre-de-Moraes-3-e1758562329209-1024x768.jpg\" alt=\"\" class=\"wp-image-42042\" srcset=\"https:\/\/blogdorogeriogomes.com.br\/noticias\/wp-content\/uploads\/2026\/09\/O-ministro-Alexandre-de-Moraes-3-e1758562329209-1024x768.jpg 1024w, https:\/\/blogdorogeriogomes.com.br\/noticias\/wp-content\/uploads\/2026\/09\/O-ministro-Alexandre-de-Moraes-3-e1758562329209-300x225.jpg 300w, https:\/\/blogdorogeriogomes.com.br\/noticias\/wp-content\/uploads\/2026\/09\/O-ministro-Alexandre-de-Moraes-3-e1758562329209-768x576.jpg 768w, https:\/\/blogdorogeriogomes.com.br\/noticias\/wp-content\/uploads\/2026\/09\/O-ministro-Alexandre-de-Moraes-3-e1758562329209-800x600.jpg 800w, https:\/\/blogdorogeriogomes.com.br\/noticias\/wp-content\/uploads\/2026\/09\/O-ministro-Alexandre-de-Moraes-3-e1758562329209-400x300.jpg 400w, https:\/\/blogdorogeriogomes.com.br\/noticias\/wp-content\/uploads\/2026\/09\/O-ministro-Alexandre-de-Moraes-3-e1758562329209.jpg 1200w\" sizes=\"auto, (max-width: 1024px) 100vw, 1024px\" \/><\/figure>\n","protected":false},"excerpt":{"rendered":"<p>O ministro Alexandre de Moraes, do Supremo Tribunal Federal (STF), solicitou oficialmente ao presidente da Corte, Edson Fachin, a abertura de uma investiga\u00e7\u00e3o contra o tamb\u00e9m ministro Andr\u00e9 Mendon\u00e7a. A decis\u00e3o, tomada no \u00e2mbito do inqu\u00e9rito das fake news, aponta a exist\u00eancia de \u201cfortes ind\u00edcios\u201d da pr\u00e1tica de abuso de autoridade, improbidade administrativa e crime de responsabilidade. A peti\u00e7\u00e3o baseia-se em relat\u00f3rios de intelig\u00eancia enviados pela Pol\u00edcia Federal (PF), os quais revelam supostas irregularidades graves cometidas por Mendon\u00e7a na&hellip;<\/p>\n","protected":false},"author":1,"featured_media":42042,"comment_status":"open","ping_status":"open","sticky":false,"template":"","format":"standard","meta":{"footnotes":""},"categories":[1],"tags":[],"class_list":["post-42041","post","type-post","status-publish","format-standard","has-post-thumbnail","hentry","category-noticias"],"_links":{"self":[{"href":"https:\/\/blogdorogeriogomes.com.br\/noticias\/wp-json\/wp\/v2\/posts\/42041","targetHints":{"allow":["GET"]}}],"collection":[{"href":"https:\/\/blogdorogeriogomes.com.br\/noticias\/wp-json\/wp\/v2\/posts"}],"about":[{"href":"https:\/\/blogdorogeriogomes.com.br\/noticias\/wp-json\/wp\/v2\/types\/post"}],"author":[{"embeddable":true,"href":"https:\/\/blogdorogeriogomes.com.br\/noticias\/wp-json\/wp\/v2\/users\/1"}],"replies":[{"embeddable":true,"href":"https:\/\/blogdorogeriogomes.com.br\/noticias\/wp-json\/wp\/v2\/comments?post=42041"}],"version-history":[{"count":2,"href":"https:\/\/blogdorogeriogomes.com.br\/noticias\/wp-json\/wp\/v2\/posts\/42041\/revisions"}],"predecessor-version":[{"id":42044,"href":"https:\/\/blogdorogeriogomes.com.br\/noticias\/wp-json\/wp\/v2\/posts\/42041\/revisions\/42044"}],"wp:featuredmedia":[{"embeddable":true,"href":"https:\/\/blogdorogeriogomes.com.br\/noticias\/wp-json\/wp\/v2\/media\/42042"}],"wp:attachment":[{"href":"https:\/\/blogdorogeriogomes.com.br\/noticias\/wp-json\/wp\/v2\/media?parent=42041"}],"wp:term":[{"taxonomy":"category","embeddable":true,"href":"https:\/\/blogdorogeriogomes.com.br\/noticias\/wp-json\/wp\/v2\/categories?post=42041"},{"taxonomy":"post_tag","embeddable":true,"href":"https:\/\/blogdorogeriogomes.com.br\/noticias\/wp-json\/wp\/v2\/tags?post=42041"}],"curies":[{"name":"wp","href":"https:\/\/api.w.org\/{rel}","templated":true}]}}