{"id":42045,"date":"2026-09-04T10:12:50","date_gmt":"2026-09-04T10:12:50","guid":{"rendered":"https:\/\/blogdorogeriogomes.com.br\/noticias\/?p=42045"},"modified":"2026-09-04T10:12:50","modified_gmt":"2026-09-04T10:12:50","slug":"presidente-lula-cobra-investigacao-de-crise-no-stf-doa-a-quem-doer-e-defende-reforma-no-judiciario","status":"publish","type":"post","link":"https:\/\/blogdorogeriogomes.com.br\/noticias\/2026\/09\/presidente-lula-cobra-investigacao-de-crise-no-stf-doa-a-quem-doer-e-defende-reforma-no-judiciario\/","title":{"rendered":"Presidente Lula cobra investiga\u00e7\u00e3o de crise no STF &#8220;doa a quem doer&#8221; e defende reforma no Judici\u00e1rio"},"content":{"rendered":"\n<p class=\"wp-block-paragraph\">O presidente Luiz In\u00e1cio Lula da Silva publicou um pronunciamento em suas redes sociais na noite desta quinta-feira, dia 3 de setembro, para se posicionar de forma institucional diante da crise que atinge o Supremo Tribunal Federal (STF). No v\u00eddeo, gravado em seu gabinete no Pal\u00e1cio do Planalto, o chefe do Executivo evitou citar nominalmente os ministros envolvidos, mas defendeu que as suspeitas ligadas ao chamado caso do Banco Master sejam rigorosamente apuradas. &#8220;\u00c9 fundamental que se investigue todo mundo, sem blindagem de ningu\u00e9m, doa a quem doer. O povo brasileiro tem o direito de saber a verdade&#8221;, declarou Lula.<\/p>\n\n\n\n<p class=\"wp-block-paragraph\">A declara\u00e7\u00e3o do presidente ocorreu dias ap\u00f3s a divulga\u00e7\u00e3o de mensagens trocadas entre o ex-banqueiro Daniel Vorcaro, do Banco Master, e o ministro do STF Alexandre de Moraes. O relat\u00f3rio contendo os di\u00e1logos foi elaborado pela Pol\u00edcia Federal e teve o sigilo derrubado na \u00faltima ter\u00e7a-feira, dia 1\u00ba, pelo ministro Andr\u00e9 Mendon\u00e7a. Em resposta \u00e0 a\u00e7\u00e3o do colega de Corte, Alexandre de Moraes enviou um pedido ao presidente do tribunal, ministro Edson Fachin, para que Mendon\u00e7a seja investigado, aprofundando o racha interno no Supremo.<\/p>\n\n\n\n<p class=\"wp-block-paragraph\">Lula classificou o esc\u00e2ndalo como grave, criticou vazamentos seletivos e cobrou transpar\u00eancia e apura\u00e7\u00e3o conduzidas por Edson Fachin e pela Procuradoria-Geral da Rep\u00fablica (PGR), al\u00e9m de defender reformas estruturais no Judici\u00e1rio e no sistema pol\u00edtico.<\/p>\n\n\n\n<figure class=\"wp-block-image size-full\"><img loading=\"lazy\" decoding=\"async\" width=\"888\" height=\"592\" src=\"https:\/\/blogdorogeriogomes.com.br\/noticias\/wp-content\/uploads\/2026\/09\/066a1461.jpg\" alt=\"\" class=\"wp-image-42046\" srcset=\"https:\/\/blogdorogeriogomes.com.br\/noticias\/wp-content\/uploads\/2026\/09\/066a1461.jpg 888w, https:\/\/blogdorogeriogomes.com.br\/noticias\/wp-content\/uploads\/2026\/09\/066a1461-300x200.jpg 300w, https:\/\/blogdorogeriogomes.com.br\/noticias\/wp-content\/uploads\/2026\/09\/066a1461-768x512.jpg 768w, https:\/\/blogdorogeriogomes.com.br\/noticias\/wp-content\/uploads\/2026\/09\/066a1461-800x533.jpg 800w\" sizes=\"auto, (max-width: 888px) 100vw, 888px\" \/><\/figure>\n","protected":false},"excerpt":{"rendered":"<p>O presidente Luiz In\u00e1cio Lula da Silva publicou um pronunciamento em suas redes sociais na noite desta quinta-feira, dia 3 de setembro, para se posicionar de forma institucional diante da crise que atinge o Supremo Tribunal Federal (STF). No v\u00eddeo, gravado em seu gabinete no Pal\u00e1cio do Planalto, o chefe do Executivo evitou citar nominalmente os ministros envolvidos, mas defendeu que as suspeitas ligadas ao chamado caso do Banco Master sejam rigorosamente apuradas. &#8220;\u00c9 fundamental que se investigue todo&hellip;<\/p>\n","protected":false},"author":1,"featured_media":42046,"comment_status":"open","ping_status":"open","sticky":false,"template":"","format":"standard","meta":{"footnotes":""},"categories":[1],"tags":[],"class_list":["post-42045","post","type-post","status-publish","format-standard","has-post-thumbnail","hentry","category-noticias"],"_links":{"self":[{"href":"https:\/\/blogdorogeriogomes.com.br\/noticias\/wp-json\/wp\/v2\/posts\/42045","targetHints":{"allow":["GET"]}}],"collection":[{"href":"https:\/\/blogdorogeriogomes.com.br\/noticias\/wp-json\/wp\/v2\/posts"}],"about":[{"href":"https:\/\/blogdorogeriogomes.com.br\/noticias\/wp-json\/wp\/v2\/types\/post"}],"author":[{"embeddable":true,"href":"https:\/\/blogdorogeriogomes.com.br\/noticias\/wp-json\/wp\/v2\/users\/1"}],"replies":[{"embeddable":true,"href":"https:\/\/blogdorogeriogomes.com.br\/noticias\/wp-json\/wp\/v2\/comments?post=42045"}],"version-history":[{"count":1,"href":"https:\/\/blogdorogeriogomes.com.br\/noticias\/wp-json\/wp\/v2\/posts\/42045\/revisions"}],"predecessor-version":[{"id":42047,"href":"https:\/\/blogdorogeriogomes.com.br\/noticias\/wp-json\/wp\/v2\/posts\/42045\/revisions\/42047"}],"wp:featuredmedia":[{"embeddable":true,"href":"https:\/\/blogdorogeriogomes.com.br\/noticias\/wp-json\/wp\/v2\/media\/42046"}],"wp:attachment":[{"href":"https:\/\/blogdorogeriogomes.com.br\/noticias\/wp-json\/wp\/v2\/media?parent=42045"}],"wp:term":[{"taxonomy":"category","embeddable":true,"href":"https:\/\/blogdorogeriogomes.com.br\/noticias\/wp-json\/wp\/v2\/categories?post=42045"},{"taxonomy":"post_tag","embeddable":true,"href":"https:\/\/blogdorogeriogomes.com.br\/noticias\/wp-json\/wp\/v2\/tags?post=42045"}],"curies":[{"name":"wp","href":"https:\/\/api.w.org\/{rel}","templated":true}]}}