{"id":42051,"date":"2026-09-04T13:47:28","date_gmt":"2026-09-04T13:47:28","guid":{"rendered":"https:\/\/blogdorogeriogomes.com.br\/noticias\/?p=42051"},"modified":"2026-09-04T13:47:28","modified_gmt":"2026-09-04T13:47:28","slug":"edson-fachin-da-prazo-para-explicacoes-da-pgr-andre-mendonca-e-alexandre-de-moraes-e-concentra-investigacoes-no-gabinete-da-presidencia-do-stf","status":"publish","type":"post","link":"https:\/\/blogdorogeriogomes.com.br\/noticias\/2026\/09\/edson-fachin-da-prazo-para-explicacoes-da-pgr-andre-mendonca-e-alexandre-de-moraes-e-concentra-investigacoes-no-gabinete-da-presidencia-do-stf\/","title":{"rendered":"Edson Fachin d\u00e1 prazo para explica\u00e7\u00f5es da PGR, Andr\u00e9 Mendon\u00e7a e Alexandre de Moraes e concentra investiga\u00e7\u00f5es no Gabinete da Presid\u00eancia do STF"},"content":{"rendered":"\n<p class=\"wp-block-paragraph\">O presidente do Supremo Tribunal Federal (STF), ministro Edson Fachin, decidiu retirar do Inqu\u00e9rito das Fake News o pedido de investiga\u00e7\u00e3o contra o ministro Andr\u00e9 Mendon\u00e7a. Em despacho assinado nesta sexta-feira, dia 4 de setembro, Fachin ordenou a cria\u00e7\u00e3o de um procedimento pr\u00f3prio para o caso e estabeleceu prazos para as manifesta\u00e7\u00f5es do procurador-geral da Rep\u00fablica, Paulo Gonet, e do pr\u00f3prio Mendon\u00e7a. Isso significa que \u00e9 o ministro Fachin quem vai definir os procedimentos que devem ser adotados. Por exemplo, se os casos ser\u00e3o, de fato, levados ao plen\u00e1rio como pedido dos ministros; e qual vai ser o rito para essas an\u00e1lises.<\/p>\n\n\n\n<p class=\"wp-block-paragraph\">O pedido de investiga\u00e7\u00e3o foi feito pelo ministro Alexandre de Moraes com base em relat\u00f3rios da Pol\u00edcia Federal (PF) tornados p\u00fablicos na quinta-feira, dia 3. Os documentos apontam supostas irregularidades cometidas por Mendon\u00e7a nas opera\u00e7\u00f5es &#8220;Compliance Zero&#8221; e &#8220;Sem Desconto&#8221;. Moraes citou ind\u00edcios de improbidade administrativa, abuso de autoridade e crime de responsabilidade.<\/p>\n\n\n\n<p class=\"wp-block-paragraph\">Fachin adotou um rito de prazos sucessivos. Primeiro, o PGR Paulo Gonet ter\u00e1 cinco dias \u00fateis para apresentar o parecer da PGR. Ap\u00f3s essa manifesta\u00e7\u00e3o, abre-se o prazo de mais cinco dias \u00fateis para a defesa de Andr\u00e9 Mendon\u00e7a.<\/p>\n\n\n\n<p class=\"wp-block-paragraph\">O relat\u00f3rio enviado por Alexandre de Moraes e o documento formulado a pedido de Andr\u00e9 Mendon\u00e7a foram unificados em um \u00fanico procedimento sob o gabinete da presid\u00eancia do STF. O rito \u00e9 semelhante ao adotado por Fachin para analisar outro relat\u00f3rio da PF, que identificou mensagens entre Alexandre de Moraes e o ex-banqueiro Daniel Vorcaro. Se os prazos forem cumpridos, a decis\u00e3o final da presid\u00eancia deve ocorrer no fim do m\u00eas, pr\u00f3ximo ao primeiro turno das elei\u00e7\u00f5es.<\/p>\n\n\n\n<figure class=\"wp-block-image size-full\"><img loading=\"lazy\" decoding=\"async\" width=\"418\" height=\"235\" src=\"https:\/\/blogdorogeriogomes.com.br\/noticias\/wp-content\/uploads\/2026\/09\/Moraes-Mendonca-Fachin-e-Gonet-1.png\" alt=\"\" class=\"wp-image-42052\" srcset=\"https:\/\/blogdorogeriogomes.com.br\/noticias\/wp-content\/uploads\/2026\/09\/Moraes-Mendonca-Fachin-e-Gonet-1.png 418w, https:\/\/blogdorogeriogomes.com.br\/noticias\/wp-content\/uploads\/2026\/09\/Moraes-Mendonca-Fachin-e-Gonet-1-300x169.png 300w\" sizes=\"auto, (max-width: 418px) 100vw, 418px\" \/><\/figure>\n","protected":false},"excerpt":{"rendered":"<p>O presidente do Supremo Tribunal Federal (STF), ministro Edson Fachin, decidiu retirar do Inqu\u00e9rito das Fake News o pedido de investiga\u00e7\u00e3o contra o ministro Andr\u00e9 Mendon\u00e7a. Em despacho assinado nesta sexta-feira, dia 4 de setembro, Fachin ordenou a cria\u00e7\u00e3o de um procedimento pr\u00f3prio para o caso e estabeleceu prazos para as manifesta\u00e7\u00f5es do procurador-geral da Rep\u00fablica, Paulo Gonet, e do pr\u00f3prio Mendon\u00e7a. Isso significa que \u00e9 o ministro Fachin quem vai definir os procedimentos que devem ser adotados. Por&hellip;<\/p>\n","protected":false},"author":1,"featured_media":42052,"comment_status":"open","ping_status":"open","sticky":false,"template":"","format":"standard","meta":{"footnotes":""},"categories":[1],"tags":[],"class_list":["post-42051","post","type-post","status-publish","format-standard","has-post-thumbnail","hentry","category-noticias"],"_links":{"self":[{"href":"https:\/\/blogdorogeriogomes.com.br\/noticias\/wp-json\/wp\/v2\/posts\/42051","targetHints":{"allow":["GET"]}}],"collection":[{"href":"https:\/\/blogdorogeriogomes.com.br\/noticias\/wp-json\/wp\/v2\/posts"}],"about":[{"href":"https:\/\/blogdorogeriogomes.com.br\/noticias\/wp-json\/wp\/v2\/types\/post"}],"author":[{"embeddable":true,"href":"https:\/\/blogdorogeriogomes.com.br\/noticias\/wp-json\/wp\/v2\/users\/1"}],"replies":[{"embeddable":true,"href":"https:\/\/blogdorogeriogomes.com.br\/noticias\/wp-json\/wp\/v2\/comments?post=42051"}],"version-history":[{"count":1,"href":"https:\/\/blogdorogeriogomes.com.br\/noticias\/wp-json\/wp\/v2\/posts\/42051\/revisions"}],"predecessor-version":[{"id":42053,"href":"https:\/\/blogdorogeriogomes.com.br\/noticias\/wp-json\/wp\/v2\/posts\/42051\/revisions\/42053"}],"wp:featuredmedia":[{"embeddable":true,"href":"https:\/\/blogdorogeriogomes.com.br\/noticias\/wp-json\/wp\/v2\/media\/42052"}],"wp:attachment":[{"href":"https:\/\/blogdorogeriogomes.com.br\/noticias\/wp-json\/wp\/v2\/media?parent=42051"}],"wp:term":[{"taxonomy":"category","embeddable":true,"href":"https:\/\/blogdorogeriogomes.com.br\/noticias\/wp-json\/wp\/v2\/categories?post=42051"},{"taxonomy":"post_tag","embeddable":true,"href":"https:\/\/blogdorogeriogomes.com.br\/noticias\/wp-json\/wp\/v2\/tags?post=42051"}],"curies":[{"name":"wp","href":"https:\/\/api.w.org\/{rel}","templated":true}]}}