{"id":42055,"date":"2026-09-04T16:29:24","date_gmt":"2026-09-04T16:29:24","guid":{"rendered":"https:\/\/blogdorogeriogomes.com.br\/noticias\/?p=42055"},"modified":"2026-09-04T16:29:24","modified_gmt":"2026-09-04T16:29:24","slug":"na-quaestciro-mantem-lideranca-mas-elmano-tem-boa-aprovacao-a-frente-do-palacio-abolicao-para-o-senado-cid-gomes-e-capitao-wagner-lideram","status":"publish","type":"post","link":"https:\/\/blogdorogeriogomes.com.br\/noticias\/2026\/09\/na-quaestciro-mantem-lideranca-mas-elmano-tem-boa-aprovacao-a-frente-do-palacio-abolicao-para-o-senado-cid-gomes-e-capitao-wagner-lideram\/","title":{"rendered":"Na Quaest,Ciro mant\u00e9m lideran\u00e7a, mas Elmano tem boa aprova\u00e7\u00e3o \u00e0 frente do Pal\u00e1cio Aboli\u00e7\u00e3o. Para o Senado, Cid Gomes e Capit\u00e3o Wagner lideram"},"content":{"rendered":"\n<p class=\"wp-block-paragraph\">A primeira rodada da pesquisa Quaest no Cear\u00e1, divulgada nesta sexta-feira, dia 4 de setembro, traz o ex-ministro Ciro Gomes (PSDB) na lideran\u00e7a pelo Governo do Cear\u00e1. Ele aparece \u00e0 frente com 45% das inten\u00e7\u00f5es de voto, seguido pelo atual governador Elmano de Freitas (PT), que soma 34%. O restante das candidaturas n\u00e3o atingiu pontua\u00e7\u00f5es expressivas. Na simula\u00e7\u00e3o de segundo turno entre os dois l\u00edderes, Ciro Gomes aparece com 49% contra 36% de Elmano de Freitas, sinalizando uma disputa aberta e competitiva para o m\u00eas de outubro.<\/p>\n\n\n\n<p class=\"wp-block-paragraph\">O levantamento encomendado pela TV Verdes Mares revela a aprova\u00e7\u00e3o da gest\u00e3o do governador Elmano de Freitas, que atinge 49% entre os cearenses. 38% desaprovam a gest\u00e3o petista.<\/p>\n\n\n\n<p class=\"wp-block-paragraph\">Com duas cadeiras em disputa para o Senado Federal em 2026, a Quaest consolidou o potencial de escolha dos eleitores com base nas duas op\u00e7\u00f5es de voto dispon\u00edveis. O senador Cid Gomes (PSB) lidera numericamente a disputa com 23%, tecnicamente empatado na margem de erro com Capit\u00e3o Wagner (Uni\u00e3o), que registra 20%. A ex-prefeita Luizianne Lins (Rede) desponta logo em sequ\u00eancia com 13%.<\/p>\n\n\n\n<figure class=\"wp-block-image size-full\"><img loading=\"lazy\" decoding=\"async\" width=\"899\" height=\"504\" src=\"https:\/\/blogdorogeriogomes.com.br\/noticias\/wp-content\/uploads\/2026\/09\/WhatsApp-Image-2026-08-27-at-09.28.45.jpeg\" alt=\"\" class=\"wp-image-42056\" srcset=\"https:\/\/blogdorogeriogomes.com.br\/noticias\/wp-content\/uploads\/2026\/09\/WhatsApp-Image-2026-08-27-at-09.28.45.jpeg 899w, https:\/\/blogdorogeriogomes.com.br\/noticias\/wp-content\/uploads\/2026\/09\/WhatsApp-Image-2026-08-27-at-09.28.45-300x168.jpeg 300w, https:\/\/blogdorogeriogomes.com.br\/noticias\/wp-content\/uploads\/2026\/09\/WhatsApp-Image-2026-08-27-at-09.28.45-768x431.jpeg 768w, https:\/\/blogdorogeriogomes.com.br\/noticias\/wp-content\/uploads\/2026\/09\/WhatsApp-Image-2026-08-27-at-09.28.45-800x448.jpeg 800w\" sizes=\"auto, (max-width: 899px) 100vw, 899px\" \/><\/figure>\n","protected":false},"excerpt":{"rendered":"<p>A primeira rodada da pesquisa Quaest no Cear\u00e1, divulgada nesta sexta-feira, dia 4 de setembro, traz o ex-ministro Ciro Gomes (PSDB) na lideran\u00e7a pelo Governo do Cear\u00e1. Ele aparece \u00e0 frente com 45% das inten\u00e7\u00f5es de voto, seguido pelo atual governador Elmano de Freitas (PT), que soma 34%. O restante das candidaturas n\u00e3o atingiu pontua\u00e7\u00f5es expressivas. Na simula\u00e7\u00e3o de segundo turno entre os dois l\u00edderes, Ciro Gomes aparece com 49% contra 36% de Elmano de Freitas, sinalizando uma disputa&hellip;<\/p>\n","protected":false},"author":1,"featured_media":42056,"comment_status":"open","ping_status":"open","sticky":false,"template":"","format":"standard","meta":{"footnotes":""},"categories":[1],"tags":[],"class_list":["post-42055","post","type-post","status-publish","format-standard","has-post-thumbnail","hentry","category-noticias"],"_links":{"self":[{"href":"https:\/\/blogdorogeriogomes.com.br\/noticias\/wp-json\/wp\/v2\/posts\/42055","targetHints":{"allow":["GET"]}}],"collection":[{"href":"https:\/\/blogdorogeriogomes.com.br\/noticias\/wp-json\/wp\/v2\/posts"}],"about":[{"href":"https:\/\/blogdorogeriogomes.com.br\/noticias\/wp-json\/wp\/v2\/types\/post"}],"author":[{"embeddable":true,"href":"https:\/\/blogdorogeriogomes.com.br\/noticias\/wp-json\/wp\/v2\/users\/1"}],"replies":[{"embeddable":true,"href":"https:\/\/blogdorogeriogomes.com.br\/noticias\/wp-json\/wp\/v2\/comments?post=42055"}],"version-history":[{"count":1,"href":"https:\/\/blogdorogeriogomes.com.br\/noticias\/wp-json\/wp\/v2\/posts\/42055\/revisions"}],"predecessor-version":[{"id":42057,"href":"https:\/\/blogdorogeriogomes.com.br\/noticias\/wp-json\/wp\/v2\/posts\/42055\/revisions\/42057"}],"wp:featuredmedia":[{"embeddable":true,"href":"https:\/\/blogdorogeriogomes.com.br\/noticias\/wp-json\/wp\/v2\/media\/42056"}],"wp:attachment":[{"href":"https:\/\/blogdorogeriogomes.com.br\/noticias\/wp-json\/wp\/v2\/media?parent=42055"}],"wp:term":[{"taxonomy":"category","embeddable":true,"href":"https:\/\/blogdorogeriogomes.com.br\/noticias\/wp-json\/wp\/v2\/categories?post=42055"},{"taxonomy":"post_tag","embeddable":true,"href":"https:\/\/blogdorogeriogomes.com.br\/noticias\/wp-json\/wp\/v2\/tags?post=42055"}],"curies":[{"name":"wp","href":"https:\/\/api.w.org\/{rel}","templated":true}]}}