{"id":42058,"date":"2026-09-05T09:38:57","date_gmt":"2026-09-05T09:38:57","guid":{"rendered":"https:\/\/blogdorogeriogomes.com.br\/noticias\/?p=42058"},"modified":"2026-09-05T10:10:47","modified_gmt":"2026-09-05T10:10:47","slug":"lula-une-agenda-hidrica-no-crato-e-mostra-politica-em-caminhada-historica-com-elmano-de-freitas-em-juazeiro-do-norte","status":"publish","type":"post","link":"https:\/\/blogdorogeriogomes.com.br\/noticias\/2026\/09\/lula-une-agenda-hidrica-no-crato-e-mostra-politica-em-caminhada-historica-com-elmano-de-freitas-em-juazeiro-do-norte\/","title":{"rendered":"Lula une agenda h\u00eddrica no Crato e mostra for\u00e7a em caminhada hist\u00f3rica com Elmano de Freitas em Juazeiro do Norte"},"content":{"rendered":"\n<p class=\"wp-block-paragraph\">O presidente Luiz In\u00e1cio Lula da Silva cumpriu uma intensa agenda na regi\u00e3o do Cariri, no Cear\u00e1, aliando vistorias de infraestrutura estrat\u00e9gica a atos de mobiliza\u00e7\u00e3o popular, nesta sexta-feira, dia 5 de setembro. A passagem do chefe do Executivo Federal pelo Sul cearense come\u00e7ou com uma visita t\u00e9cnica \u00e0s frentes de trabalho do Cintur\u00e3o das \u00c1guas do Cear\u00e1 (CAC), localizadas no munic\u00edpio do Crato, e culminou em uma massiva caminhada pol\u00edtica ao lado do governador Elmano de Freitas pelas ruas de Juazeiro do Norte.<\/p>\n\n\n\n<p class=\"wp-block-paragraph\"><br>Durante a tarde, o presidente Lula, acompanhado por comitiva de ministros e autoridades estaduais, inspecionou os avan\u00e7os das obras do Trecho I do Cintur\u00e3o das \u00c1guas. O canal \u00e9 fundamental para receber a vaz\u00e3o do Eixo Norte da Transposi\u00e7\u00e3o do Rio S\u00e3o Francisco a partir do Reservat\u00f3rio de Jati, expandindo a seguran\u00e7a h\u00eddrica n\u00e3o s\u00f3 para o Cariri, mas tamb\u00e9m viabilizando o abastecimento futuro da Regi\u00e3o Metropolitana de Fortaleza.<\/p>\n\n\n\n<p class=\"wp-block-paragraph\"><br>Em tom firme, Lula destacou a import\u00e2ncia da continuidade de investimentos integrados que mudem a realidade socioecon\u00f4mica do semi\u00e1rido nordestino, apontando que os canais viabilizar\u00e3o inclusive novos polos de agricultura irrigada e fruticultura na regi\u00e3o f\u00e9rtil do Cariri.<\/p>\n\n\n\n<p class=\"wp-block-paragraph\"><br>Ap\u00f3s os compromissos institucionais, a comitiva seguiu para Juazeiro do Norte, onde uma multid\u00e3o aguardava o in\u00edcio do ato pol\u00edtico. A concentra\u00e7\u00e3o teve in\u00edcio no entorno da Arena Romeir\u00e3o e seguiu pela Avenida Castelo Branco. O presidente Lula e o governador Elmano de Freitas arrastaram apoiadores em uma caminhada que simbolizou a for\u00e7a da alian\u00e7a entre os governos estadual e federal.<\/p>\n\n\n\n<p class=\"wp-block-paragraph\"><br>Tamb\u00e9m integraram o palanque m\u00f3vel lideran\u00e7as de peso da pol\u00edtica cearense, como o ministro da Educa\u00e7\u00e3o Camilo Santana, os senadores Cid Gomes e Luizianne Lins, al\u00e9m de parlamentares e prefeitos da regi\u00e3o. Durante os discursos de encerramento na Pra\u00e7a dos Franciscanos, Elmano refor\u00e7ou que a uni\u00e3o com o Governo Federal tem sido a chave para impulsionar grandes projetos estruturantes no estado, como a retomada da ferrovia Transnordestina e a consolida\u00e7\u00e3o dos per\u00edmetros de irriga\u00e7\u00e3o no interior.<\/p>\n\n\n\n<figure class=\"wp-block-image size-large\"><img loading=\"lazy\" decoding=\"async\" width=\"652\" height=\"1024\" src=\"https:\/\/blogdorogeriogomes.com.br\/noticias\/wp-content\/uploads\/2026\/09\/IMG-20260904-WA0342-652x1024.jpg\" alt=\"\" class=\"wp-image-42059\" srcset=\"https:\/\/blogdorogeriogomes.com.br\/noticias\/wp-content\/uploads\/2026\/09\/IMG-20260904-WA0342-652x1024.jpg 652w, https:\/\/blogdorogeriogomes.com.br\/noticias\/wp-content\/uploads\/2026\/09\/IMG-20260904-WA0342-191x300.jpg 191w, https:\/\/blogdorogeriogomes.com.br\/noticias\/wp-content\/uploads\/2026\/09\/IMG-20260904-WA0342-768x1207.jpg 768w, https:\/\/blogdorogeriogomes.com.br\/noticias\/wp-content\/uploads\/2026\/09\/IMG-20260904-WA0342-977x1536.jpg 977w, https:\/\/blogdorogeriogomes.com.br\/noticias\/wp-content\/uploads\/2026\/09\/IMG-20260904-WA0342-800x1257.jpg 800w, https:\/\/blogdorogeriogomes.com.br\/noticias\/wp-content\/uploads\/2026\/09\/IMG-20260904-WA0342.jpg 1018w\" sizes=\"auto, (max-width: 652px) 100vw, 652px\" \/><\/figure>\n","protected":false},"excerpt":{"rendered":"<p>O presidente Luiz In\u00e1cio Lula da Silva cumpriu uma intensa agenda na regi\u00e3o do Cariri, no Cear\u00e1, aliando vistorias de infraestrutura estrat\u00e9gica a atos de mobiliza\u00e7\u00e3o popular, nesta sexta-feira, dia 5 de setembro. A passagem do chefe do Executivo Federal pelo Sul cearense come\u00e7ou com uma visita t\u00e9cnica \u00e0s frentes de trabalho do Cintur\u00e3o das \u00c1guas do Cear\u00e1 (CAC), localizadas no munic\u00edpio do Crato, e culminou em uma massiva caminhada pol\u00edtica ao lado do governador Elmano de Freitas pelas&hellip;<\/p>\n","protected":false},"author":1,"featured_media":42059,"comment_status":"open","ping_status":"open","sticky":false,"template":"","format":"standard","meta":{"footnotes":""},"categories":[1],"tags":[],"class_list":["post-42058","post","type-post","status-publish","format-standard","has-post-thumbnail","hentry","category-noticias"],"_links":{"self":[{"href":"https:\/\/blogdorogeriogomes.com.br\/noticias\/wp-json\/wp\/v2\/posts\/42058","targetHints":{"allow":["GET"]}}],"collection":[{"href":"https:\/\/blogdorogeriogomes.com.br\/noticias\/wp-json\/wp\/v2\/posts"}],"about":[{"href":"https:\/\/blogdorogeriogomes.com.br\/noticias\/wp-json\/wp\/v2\/types\/post"}],"author":[{"embeddable":true,"href":"https:\/\/blogdorogeriogomes.com.br\/noticias\/wp-json\/wp\/v2\/users\/1"}],"replies":[{"embeddable":true,"href":"https:\/\/blogdorogeriogomes.com.br\/noticias\/wp-json\/wp\/v2\/comments?post=42058"}],"version-history":[{"count":2,"href":"https:\/\/blogdorogeriogomes.com.br\/noticias\/wp-json\/wp\/v2\/posts\/42058\/revisions"}],"predecessor-version":[{"id":42067,"href":"https:\/\/blogdorogeriogomes.com.br\/noticias\/wp-json\/wp\/v2\/posts\/42058\/revisions\/42067"}],"wp:featuredmedia":[{"embeddable":true,"href":"https:\/\/blogdorogeriogomes.com.br\/noticias\/wp-json\/wp\/v2\/media\/42059"}],"wp:attachment":[{"href":"https:\/\/blogdorogeriogomes.com.br\/noticias\/wp-json\/wp\/v2\/media?parent=42058"}],"wp:term":[{"taxonomy":"category","embeddable":true,"href":"https:\/\/blogdorogeriogomes.com.br\/noticias\/wp-json\/wp\/v2\/categories?post=42058"},{"taxonomy":"post_tag","embeddable":true,"href":"https:\/\/blogdorogeriogomes.com.br\/noticias\/wp-json\/wp\/v2\/tags?post=42058"}],"curies":[{"name":"wp","href":"https:\/\/api.w.org\/{rel}","templated":true}]}}