{"id":42061,"date":"2026-09-05T09:52:57","date_gmt":"2026-09-05T09:52:57","guid":{"rendered":"https:\/\/blogdorogeriogomes.com.br\/noticias\/?p=42061"},"modified":"2026-09-05T09:52:58","modified_gmt":"2026-09-05T09:52:58","slug":"ciro-gomes-reune-tasso-jereissati-e-prefeito-roberto-filho-em-motocarreata-pelas-ruas-de-iguatu","status":"publish","type":"post","link":"https:\/\/blogdorogeriogomes.com.br\/noticias\/2026\/09\/ciro-gomes-reune-tasso-jereissati-e-prefeito-roberto-filho-em-motocarreata-pelas-ruas-de-iguatu\/","title":{"rendered":"Ciro Gomes re\u00fane Tasso Jereissati e prefeito Roberto Filho em motocarreata pelas ruas de Iguatu"},"content":{"rendered":"\n<p class=\"wp-block-paragraph\">O candidato ao Governo do Estado, Ciro Gomes (PSDB), realizou um dos atos mais emblem\u00e1ticos de sua campanha na noite desta sexta-feira, dia 4 de setembro, no munic\u00edpio de Iguatu, localizado na regi\u00e3o Centro-Sul do Cear\u00e1. O evento marcou a entrada direta do ex-senador e ex-governador Tasso Jereissati (PSDB) na mobiliza\u00e7\u00e3o de rua da chapa, al\u00e9m de consolidar o apoio do prefeito da cidade, Roberto Filho (PSDB).<\/p>\n\n\n\n<p class=\"wp-block-paragraph\">A mobiliza\u00e7\u00e3o consistiu em uma motocarreata que atraiu centenas de apoiadores. O trajeto teve in\u00edcio logo ap\u00f3s o desembarque das lideran\u00e7as no Aeroporto de Iguatu e seguiu em dire\u00e7\u00e3o ao &#8220;Comit\u00ea 45&#8221;, ponto de encontro regional das campanhas tucanas. A presen\u00e7a de Tasso Jereissati foi o grande destaque pol\u00edtico da noite, sendo esta a primeira agenda de campanha de rua em que o ex-senador participou ativamente ao lado de Ciro desde as conven\u00e7\u00f5es partid\u00e1rias. <\/p>\n\n\n\n<p class=\"wp-block-paragraph\">Considerado um dos principais fiadores da candidatura de Ciro, Tasso discursou destacando o sentimento de &#8220;mudan\u00e7a&#8221; e elogiou a composi\u00e7\u00e3o da chapa. &#8220;O l\u00edder precisa de um time e o time \u00e9 o Roberto Cl\u00e1udio, o Wagner, o Alcides\u2026 Formam um time que eu tenho certeza que n\u00e3o tem s\u00f3 um craque, tem uma grande lideran\u00e7a, mas \u00e9 cercado de craques&#8221;, avaliou o ex-senador.<\/p>\n\n\n\n<p class=\"wp-block-paragraph\">Al\u00e9m de Tasso e do prefeito Roberto Filho, o palanque em Iguatu reuniu os principais nomes da chapa majorit\u00e1ria, incluindo o candidato a vice-governador Roberto Cl\u00e1udio (Uni\u00e3o Brasil) e os postulantes ao Senado, Capit\u00e3o Wagner (Uni\u00e3o Brasil) e Alcides Fernandes (PL).<\/p>\n\n\n\n<p class=\"wp-block-paragraph\">Durante o evento, Ciro Gomes refor\u00e7ou suas propostas para o Executivo estadual, com forte \u00eanfase na seguran\u00e7a p\u00fablica e na descentraliza\u00e7\u00e3o da sa\u00fade. O candidato assumiu o compromisso de realizar uma reuni\u00e3o geral com todos os 184 prefeitos cearenses para alinhar projetos estruturantes regionais e combater o dom\u00ednio territorial de fac\u00e7\u00f5es criminosas utilizando servi\u00e7os municipais de intelig\u00eancia.<\/p>\n\n\n\n<figure class=\"wp-block-image size-large\"><img loading=\"lazy\" decoding=\"async\" width=\"819\" height=\"1024\" src=\"https:\/\/blogdorogeriogomes.com.br\/noticias\/wp-content\/uploads\/2026\/09\/IMG-20260905-WA0012-819x1024.jpg\" alt=\"\" class=\"wp-image-42062\" srcset=\"https:\/\/blogdorogeriogomes.com.br\/noticias\/wp-content\/uploads\/2026\/09\/IMG-20260905-WA0012-819x1024.jpg 819w, https:\/\/blogdorogeriogomes.com.br\/noticias\/wp-content\/uploads\/2026\/09\/IMG-20260905-WA0012-240x300.jpg 240w, https:\/\/blogdorogeriogomes.com.br\/noticias\/wp-content\/uploads\/2026\/09\/IMG-20260905-WA0012-768x960.jpg 768w, https:\/\/blogdorogeriogomes.com.br\/noticias\/wp-content\/uploads\/2026\/09\/IMG-20260905-WA0012-800x1000.jpg 800w, https:\/\/blogdorogeriogomes.com.br\/noticias\/wp-content\/uploads\/2026\/09\/IMG-20260905-WA0012.jpg 1024w\" sizes=\"auto, (max-width: 819px) 100vw, 819px\" \/><\/figure>\n","protected":false},"excerpt":{"rendered":"<p>O candidato ao Governo do Estado, Ciro Gomes (PSDB), realizou um dos atos mais emblem\u00e1ticos de sua campanha na noite desta sexta-feira, dia 4 de setembro, no munic\u00edpio de Iguatu, localizado na regi\u00e3o Centro-Sul do Cear\u00e1. O evento marcou a entrada direta do ex-senador e ex-governador Tasso Jereissati (PSDB) na mobiliza\u00e7\u00e3o de rua da chapa, al\u00e9m de consolidar o apoio do prefeito da cidade, Roberto Filho (PSDB). A mobiliza\u00e7\u00e3o consistiu em uma motocarreata que atraiu centenas de apoiadores. O&hellip;<\/p>\n","protected":false},"author":1,"featured_media":42062,"comment_status":"open","ping_status":"open","sticky":false,"template":"","format":"standard","meta":{"footnotes":""},"categories":[1],"tags":[],"class_list":["post-42061","post","type-post","status-publish","format-standard","has-post-thumbnail","hentry","category-noticias"],"_links":{"self":[{"href":"https:\/\/blogdorogeriogomes.com.br\/noticias\/wp-json\/wp\/v2\/posts\/42061","targetHints":{"allow":["GET"]}}],"collection":[{"href":"https:\/\/blogdorogeriogomes.com.br\/noticias\/wp-json\/wp\/v2\/posts"}],"about":[{"href":"https:\/\/blogdorogeriogomes.com.br\/noticias\/wp-json\/wp\/v2\/types\/post"}],"author":[{"embeddable":true,"href":"https:\/\/blogdorogeriogomes.com.br\/noticias\/wp-json\/wp\/v2\/users\/1"}],"replies":[{"embeddable":true,"href":"https:\/\/blogdorogeriogomes.com.br\/noticias\/wp-json\/wp\/v2\/comments?post=42061"}],"version-history":[{"count":1,"href":"https:\/\/blogdorogeriogomes.com.br\/noticias\/wp-json\/wp\/v2\/posts\/42061\/revisions"}],"predecessor-version":[{"id":42063,"href":"https:\/\/blogdorogeriogomes.com.br\/noticias\/wp-json\/wp\/v2\/posts\/42061\/revisions\/42063"}],"wp:featuredmedia":[{"embeddable":true,"href":"https:\/\/blogdorogeriogomes.com.br\/noticias\/wp-json\/wp\/v2\/media\/42062"}],"wp:attachment":[{"href":"https:\/\/blogdorogeriogomes.com.br\/noticias\/wp-json\/wp\/v2\/media?parent=42061"}],"wp:term":[{"taxonomy":"category","embeddable":true,"href":"https:\/\/blogdorogeriogomes.com.br\/noticias\/wp-json\/wp\/v2\/categories?post=42061"},{"taxonomy":"post_tag","embeddable":true,"href":"https:\/\/blogdorogeriogomes.com.br\/noticias\/wp-json\/wp\/v2\/tags?post=42061"}],"curies":[{"name":"wp","href":"https:\/\/api.w.org\/{rel}","templated":true}]}}