{"id":42068,"date":"2026-09-05T10:26:36","date_gmt":"2026-09-05T10:26:36","guid":{"rendered":"https:\/\/blogdorogeriogomes.com.br\/noticias\/?p=42068"},"modified":"2026-09-05T10:26:37","modified_gmt":"2026-09-05T10:26:37","slug":"advogados-de-envolvidos-no-caso-master-preparam-pedido-de-nulidade-de-provas-por-supostas-ilegalidades-processuais-cometidas-pelo-ministro-andre-mendonca","status":"publish","type":"post","link":"https:\/\/blogdorogeriogomes.com.br\/noticias\/2026\/09\/advogados-de-envolvidos-no-caso-master-preparam-pedido-de-nulidade-de-provas-por-supostas-ilegalidades-processuais-cometidas-pelo-ministro-andre-mendonca\/","title":{"rendered":"Advogados de envolvidos no Caso Master preparam pedido de nulidade de provas por supostas ilegalidades processuais cometidas pelo ministro Andr\u00e9 Mendon\u00e7a"},"content":{"rendered":"\n<p class=\"wp-block-paragraph\">A movimenta\u00e7\u00e3o de advogados dos envolvidos no Caso Master ganhou forte tra\u00e7\u00e3o nos bastidores do Supremo Tribunal Federal (STF) com o intuito de anular as provas obtidas nas investiga\u00e7\u00f5es. As defesas articulam a apresenta\u00e7\u00e3o de pedidos formais de nulidade jur\u00eddica sob o argumento de que o ministro relator, Andr\u00e9 Mendon\u00e7a, cometeu graves ilegalidades processuais ao conduzir o caso e retirar o sigilo de relat\u00f3rios da Pol\u00edcia Federal. <\/p>\n\n\n\n<p class=\"wp-block-paragraph\">A estrat\u00e9gia dos advogados ganhou respaldo com o posicionamento do procurador-geral da Rep\u00fablica, Paulo Gonet. A PGR j\u00e1 se manifestou formalmente pela nulidade do relat\u00f3rio da Pol\u00edcia Federal, acusando o ministro Mendon\u00e7a de atropelar o rito legal e usurpar compet\u00eancias pr\u00e9-processuais ao ordenar investiga\u00e7\u00f5es direcionadas sem a devida provoca\u00e7\u00e3o do Minist\u00e9rio P\u00fablico ou da pr\u00f3pria pol\u00edcia. Juristas e defensores apontam que o desrespeito \u00e0 cadeia de cust\u00f3dia e as supostas irregularidades nas opera\u00e7\u00f5es Sem Desconto e Compliance Zero comprometem irremediavelmente a validade jur\u00eddica das provas coletadas.<\/p>\n\n\n\n<p class=\"wp-block-paragraph\">Paralelamente \u00e0 rea\u00e7\u00e3o das defesas, o presidente do STF, Edson Fachin, atua para conter os danos da crise sem precedentes que colocou em rota de colis\u00e3o os ministros Alexandre de Moraes e Andr\u00e9 Mendon\u00e7a. Ap\u00f3s uma interlocu\u00e7\u00e3o direta com o presidente Luiz In\u00e1cio Lula da Silva, Fachin tomou a decis\u00e3o de transferir o julgamento do conflito para o plen\u00e1rio da Corte na pr\u00f3xima semana. Antes do julgamento conjunto, Fachin deu um prazo de cinco dias \u00fateis para que Moraes, Mendon\u00e7a, a PGR e a Pol\u00edcia Federal enviem justificativas por escrito sobre as acusa\u00e7\u00f5es m\u00fatuas. <\/p>\n\n\n\n<p class=\"wp-block-paragraph\">A crise estourou ap\u00f3s Mendon\u00e7a levantar o sigilo de mensagens do ex-banqueiro Daniel Vorcaro que citavam Moraes, que protocolou um pedido de investiga\u00e7\u00e3o contra Mendon\u00e7a por suposto abuso de autoridade, prevarica\u00e7\u00e3o e direcionamento pol\u00edtico de alvos.<\/p>\n\n\n\n<p class=\"wp-block-paragraph\">Aliados pol\u00edticos do presidente Lula manifestaram preocupa\u00e7\u00e3o reservada de que os desdobramentos gerem desgaste pol\u00edtico para o governo devido \u00e0 proximidade do Planalto com integrantes do tribunal. <\/p>\n\n\n\n<p class=\"wp-block-paragraph\">O plen\u00e1rio do STF ter\u00e1 agora a responsabilidade de decidir se convalida os atos investigativos de Mendon\u00e7a ou se acolhe as teses de nulidade das defesas e da PGR, o que poderia invalidar toda a base probat\u00f3ria do Caso Master e das investiga\u00e7\u00f5es correlatas. <\/p>\n\n\n\n<figure class=\"wp-block-image size-full\"><img loading=\"lazy\" decoding=\"async\" width=\"800\" height=\"534\" src=\"https:\/\/blogdorogeriogomes.com.br\/noticias\/wp-content\/uploads\/2026\/09\/53790723212_490b55ea30_c.jpg\" alt=\"\" class=\"wp-image-42069\" srcset=\"https:\/\/blogdorogeriogomes.com.br\/noticias\/wp-content\/uploads\/2026\/09\/53790723212_490b55ea30_c.jpg 800w, https:\/\/blogdorogeriogomes.com.br\/noticias\/wp-content\/uploads\/2026\/09\/53790723212_490b55ea30_c-300x200.jpg 300w, https:\/\/blogdorogeriogomes.com.br\/noticias\/wp-content\/uploads\/2026\/09\/53790723212_490b55ea30_c-768x513.jpg 768w\" sizes=\"auto, (max-width: 800px) 100vw, 800px\" \/><\/figure>\n","protected":false},"excerpt":{"rendered":"<p>A movimenta\u00e7\u00e3o de advogados dos envolvidos no Caso Master ganhou forte tra\u00e7\u00e3o nos bastidores do Supremo Tribunal Federal (STF) com o intuito de anular as provas obtidas nas investiga\u00e7\u00f5es. As defesas articulam a apresenta\u00e7\u00e3o de pedidos formais de nulidade jur\u00eddica sob o argumento de que o ministro relator, Andr\u00e9 Mendon\u00e7a, cometeu graves ilegalidades processuais ao conduzir o caso e retirar o sigilo de relat\u00f3rios da Pol\u00edcia Federal. A estrat\u00e9gia dos advogados ganhou respaldo com o posicionamento do procurador-geral da&hellip;<\/p>\n","protected":false},"author":1,"featured_media":42069,"comment_status":"open","ping_status":"open","sticky":false,"template":"","format":"standard","meta":{"footnotes":""},"categories":[1],"tags":[],"class_list":["post-42068","post","type-post","status-publish","format-standard","has-post-thumbnail","hentry","category-noticias"],"_links":{"self":[{"href":"https:\/\/blogdorogeriogomes.com.br\/noticias\/wp-json\/wp\/v2\/posts\/42068","targetHints":{"allow":["GET"]}}],"collection":[{"href":"https:\/\/blogdorogeriogomes.com.br\/noticias\/wp-json\/wp\/v2\/posts"}],"about":[{"href":"https:\/\/blogdorogeriogomes.com.br\/noticias\/wp-json\/wp\/v2\/types\/post"}],"author":[{"embeddable":true,"href":"https:\/\/blogdorogeriogomes.com.br\/noticias\/wp-json\/wp\/v2\/users\/1"}],"replies":[{"embeddable":true,"href":"https:\/\/blogdorogeriogomes.com.br\/noticias\/wp-json\/wp\/v2\/comments?post=42068"}],"version-history":[{"count":1,"href":"https:\/\/blogdorogeriogomes.com.br\/noticias\/wp-json\/wp\/v2\/posts\/42068\/revisions"}],"predecessor-version":[{"id":42070,"href":"https:\/\/blogdorogeriogomes.com.br\/noticias\/wp-json\/wp\/v2\/posts\/42068\/revisions\/42070"}],"wp:featuredmedia":[{"embeddable":true,"href":"https:\/\/blogdorogeriogomes.com.br\/noticias\/wp-json\/wp\/v2\/media\/42069"}],"wp:attachment":[{"href":"https:\/\/blogdorogeriogomes.com.br\/noticias\/wp-json\/wp\/v2\/media?parent=42068"}],"wp:term":[{"taxonomy":"category","embeddable":true,"href":"https:\/\/blogdorogeriogomes.com.br\/noticias\/wp-json\/wp\/v2\/categories?post=42068"},{"taxonomy":"post_tag","embeddable":true,"href":"https:\/\/blogdorogeriogomes.com.br\/noticias\/wp-json\/wp\/v2\/tags?post=42068"}],"curies":[{"name":"wp","href":"https:\/\/api.w.org\/{rel}","templated":true}]}}