{"id":7136,"date":"2017-10-30T13:27:32","date_gmt":"2017-10-30T13:27:32","guid":{"rendered":"http:\/\/blogdorogeriogomes.com.br\/?p=7136"},"modified":"2017-10-30T13:27:32","modified_gmt":"2017-10-30T13:27:32","slug":"ceara-espera-incrementar-turismo-em-50-com-hub-da-air-franceklmgol-em-2018","status":"publish","type":"post","link":"https:\/\/blogdorogeriogomes.com.br\/noticias\/2017\/10\/ceara-espera-incrementar-turismo-em-50-com-hub-da-air-franceklmgol-em-2018\/","title":{"rendered":"Cear\u00e1 espera incrementar turismo em 50% com HUB da Air France\/KLM\/Gol em 2018"},"content":{"rendered":"<p><img loading=\"lazy\" decoding=\"async\" class=\"alignnone size-medium wp-image-7138\" src=\"http:\/\/blogdorogeriogomes.com.br\/wp-content\/uploads\/2017\/10\/IMG-20171030-WA0028-300x169.jpg\" alt=\"IMG-20171030-WA0028\" width=\"300\" height=\"169\" srcset=\"https:\/\/blogdorogeriogomes.com.br\/noticias\/wp-content\/uploads\/2017\/10\/IMG-20171030-WA0028-300x169.jpg 300w, https:\/\/blogdorogeriogomes.com.br\/noticias\/wp-content\/uploads\/2017\/10\/IMG-20171030-WA0028.jpg 687w\" sizes=\"auto, (max-width: 300px) 100vw, 300px\" \/><\/p>\n<p>O governador Camilo Santana e o prefeito de Fortaleza, Roberto Cl\u00e1udio, acompanhados dos executivos Paulo Kakinoff, presidente da Gol, e Jean Marc Janaillac, diretor-geral do Grupo Air France\/KLM, apresentaram nesta segunda-feira, dia 30 de outubro, detalhes da opera\u00e7\u00e3o do HUB que vai ligar, por meio de voos diretos, a capital cearense a Paris e Amsterd\u00e3.<br \/>\nA partir de maio do pr\u00f3ximo ano, Fortaleza ter\u00e1, por semana, tr\u00eas voos para Amsterd\u00e3, operados pela KLM, e dois voos para Paris, da Joon, nova empresa da Air France. Al\u00e9m disso, a Gol anunciou que refor\u00e7ar\u00e1 a oferta de voos para Recife, Salvador, Bel\u00e9m e Manaus, al\u00e9m de criar uma nova rota entre Fortaleza e Natal. O novo HUB ir\u00e1 aumentar mais 26 voos no Aeroporto Internacional Pinto Martins.<br \/>\nO HUB deve gerar um crescimento de embarque e desembarque no Aeroporto de Fortaleza j\u00e1 no primeiro semestre de 2018.<br \/>\nO setor tur\u00edstico do Cear\u00e1 estima que o HUB deve proporcionar um movimento de 1 milh\u00e3o e 500 mil pessoas por ano. Um incremento de 50% no total de turistas que visitam o Estado.<br \/>\nS\u00f3 de estrangeiros, s\u00e3o esperados 70 mil turistas por ano. As vendas de passagem na Europa com destino direto para a capital cearense j\u00e1 come\u00e7aram desde setembro passado.<\/p>\n","protected":false},"excerpt":{"rendered":"<p>O governador Camilo Santana e o prefeito de Fortaleza, Roberto Cl\u00e1udio, acompanhados dos executivos Paulo Kakinoff, presidente da Gol, e Jean Marc Janaillac, diretor-geral do Grupo Air France\/KLM, apresentaram nesta segunda-feira, dia 30 de outubro, detalhes da opera\u00e7\u00e3o do HUB que vai ligar, por meio de voos diretos, a capital cearense a Paris e Amsterd\u00e3. A partir de maio do pr\u00f3ximo ano, Fortaleza ter\u00e1, por semana, tr\u00eas voos para Amsterd\u00e3, operados pela KLM, e dois voos para Paris, da&hellip;<\/p>\n","protected":false},"author":1,"featured_media":0,"comment_status":"open","ping_status":"open","sticky":false,"template":"","format":"standard","meta":{"footnotes":""},"categories":[1],"tags":[],"class_list":["post-7136","post","type-post","status-publish","format-standard","hentry","category-noticias"],"_links":{"self":[{"href":"https:\/\/blogdorogeriogomes.com.br\/noticias\/wp-json\/wp\/v2\/posts\/7136","targetHints":{"allow":["GET"]}}],"collection":[{"href":"https:\/\/blogdorogeriogomes.com.br\/noticias\/wp-json\/wp\/v2\/posts"}],"about":[{"href":"https:\/\/blogdorogeriogomes.com.br\/noticias\/wp-json\/wp\/v2\/types\/post"}],"author":[{"embeddable":true,"href":"https:\/\/blogdorogeriogomes.com.br\/noticias\/wp-json\/wp\/v2\/users\/1"}],"replies":[{"embeddable":true,"href":"https:\/\/blogdorogeriogomes.com.br\/noticias\/wp-json\/wp\/v2\/comments?post=7136"}],"version-history":[{"count":1,"href":"https:\/\/blogdorogeriogomes.com.br\/noticias\/wp-json\/wp\/v2\/posts\/7136\/revisions"}],"predecessor-version":[{"id":7139,"href":"https:\/\/blogdorogeriogomes.com.br\/noticias\/wp-json\/wp\/v2\/posts\/7136\/revisions\/7139"}],"wp:attachment":[{"href":"https:\/\/blogdorogeriogomes.com.br\/noticias\/wp-json\/wp\/v2\/media?parent=7136"}],"wp:term":[{"taxonomy":"category","embeddable":true,"href":"https:\/\/blogdorogeriogomes.com.br\/noticias\/wp-json\/wp\/v2\/categories?post=7136"},{"taxonomy":"post_tag","embeddable":true,"href":"https:\/\/blogdorogeriogomes.com.br\/noticias\/wp-json\/wp\/v2\/tags?post=7136"}],"curies":[{"name":"wp","href":"https:\/\/api.w.org\/{rel}","templated":true}]}}