{"id":7143,"date":"2017-10-30T21:00:59","date_gmt":"2017-10-30T21:00:59","guid":{"rendered":"http:\/\/blogdorogeriogomes.com.br\/?p=7143"},"modified":"2017-10-30T21:00:59","modified_gmt":"2017-10-30T21:00:59","slug":"qual-o-caminho-a-ser-tomado-pela-oposicao-em-2018-no-ceara","status":"publish","type":"post","link":"https:\/\/blogdorogeriogomes.com.br\/noticias\/2017\/10\/qual-o-caminho-a-ser-tomado-pela-oposicao-em-2018-no-ceara\/","title":{"rendered":"Qual o caminho a ser tomado pela oposi\u00e7\u00e3o em 2018 no Cear\u00e1?"},"content":{"rendered":"<p><img loading=\"lazy\" decoding=\"async\" class=\"alignnone size-medium wp-image-6940\" src=\"http:\/\/blogdorogeriogomes.com.br\/wp-content\/uploads\/2017\/10\/images-4-300x199.jpg\" alt=\"images (4)\" width=\"300\" height=\"199\" srcset=\"https:\/\/blogdorogeriogomes.com.br\/noticias\/wp-content\/uploads\/2017\/10\/images-4-300x199.jpg 300w, https:\/\/blogdorogeriogomes.com.br\/noticias\/wp-content\/uploads\/2017\/10\/images-4.jpg 471w\" sizes=\"auto, (max-width: 300px) 100vw, 300px\" \/><\/p>\n<p><span style=\"font-weight: 400;\">A declara\u00e7\u00e3o do senador Tasso Jereissati (PSDB) de que n\u00e3o ser\u00e1 o candidato de oposi\u00e7\u00e3o ao Governo do Estado em 2018 enfraquece a estrat\u00e9gia que os partidos contr\u00e1rios ao governador Camilo Santana (PT) vinham colocando em pr\u00e1tica para \u201cesquentar o prato\u201d da sucess\u00e3o estadual.<\/span><\/p>\n<p><span style=\"font-weight: 400;\">Tasso seria um candidato pra gerar preocupa\u00e7\u00e3o a Camilo. Sem ele, a oposi\u00e7\u00e3o est\u00e1 por enquanto sem nomes. O deputado estadual Capit\u00e3o Wagner Souza (PR) j\u00e1 manifestou interesse. Mas at\u00e9 que ponto o deputado vai colocar em risco uma reelei\u00e7\u00e3o para a Assembleia Legislativa ou at\u00e9 mesmo tentar um mandato de deputado federal? Vai embarcar em uma aventura de concorrer ao Governo Estadual e, talvez, ficar sem mandato parlamentar em caso de derrota?<\/span><\/p>\n<p><span style=\"font-weight: 400;\">Para completar, o discurso do senador Eun\u00edcio Oliveira (PMDB) est\u00e1 cada vez mais pr\u00f3ximo de uma alian\u00e7a com o governador Camilo Santana. Eun\u00edcio deve buscar uma reelei\u00e7\u00e3o ao Senado e mant\u00e9m, atualmente, uma rela\u00e7\u00e3o de muita proximidade com o governador e tamb\u00e9m com o prefeito de Fortaleza, Roberto Cl\u00e1udio (PDT).<\/span><\/p>\n","protected":false},"excerpt":{"rendered":"<p>A declara\u00e7\u00e3o do senador Tasso Jereissati (PSDB) de que n\u00e3o ser\u00e1 o candidato de oposi\u00e7\u00e3o ao Governo do Estado em 2018 enfraquece a estrat\u00e9gia que os partidos contr\u00e1rios ao governador Camilo Santana (PT) vinham colocando em pr\u00e1tica para \u201cesquentar o prato\u201d da sucess\u00e3o estadual. Tasso seria um candidato pra gerar preocupa\u00e7\u00e3o a Camilo. Sem ele, a oposi\u00e7\u00e3o est\u00e1 por enquanto sem nomes. O deputado estadual Capit\u00e3o Wagner Souza (PR) j\u00e1 manifestou interesse. Mas at\u00e9 que ponto o deputado vai&hellip;<\/p>\n","protected":false},"author":1,"featured_media":0,"comment_status":"open","ping_status":"open","sticky":false,"template":"","format":"standard","meta":{"footnotes":""},"categories":[1],"tags":[],"class_list":["post-7143","post","type-post","status-publish","format-standard","hentry","category-noticias"],"_links":{"self":[{"href":"https:\/\/blogdorogeriogomes.com.br\/noticias\/wp-json\/wp\/v2\/posts\/7143","targetHints":{"allow":["GET"]}}],"collection":[{"href":"https:\/\/blogdorogeriogomes.com.br\/noticias\/wp-json\/wp\/v2\/posts"}],"about":[{"href":"https:\/\/blogdorogeriogomes.com.br\/noticias\/wp-json\/wp\/v2\/types\/post"}],"author":[{"embeddable":true,"href":"https:\/\/blogdorogeriogomes.com.br\/noticias\/wp-json\/wp\/v2\/users\/1"}],"replies":[{"embeddable":true,"href":"https:\/\/blogdorogeriogomes.com.br\/noticias\/wp-json\/wp\/v2\/comments?post=7143"}],"version-history":[{"count":1,"href":"https:\/\/blogdorogeriogomes.com.br\/noticias\/wp-json\/wp\/v2\/posts\/7143\/revisions"}],"predecessor-version":[{"id":7144,"href":"https:\/\/blogdorogeriogomes.com.br\/noticias\/wp-json\/wp\/v2\/posts\/7143\/revisions\/7144"}],"wp:attachment":[{"href":"https:\/\/blogdorogeriogomes.com.br\/noticias\/wp-json\/wp\/v2\/media?parent=7143"}],"wp:term":[{"taxonomy":"category","embeddable":true,"href":"https:\/\/blogdorogeriogomes.com.br\/noticias\/wp-json\/wp\/v2\/categories?post=7143"},{"taxonomy":"post_tag","embeddable":true,"href":"https:\/\/blogdorogeriogomes.com.br\/noticias\/wp-json\/wp\/v2\/tags?post=7143"}],"curies":[{"name":"wp","href":"https:\/\/api.w.org\/{rel}","templated":true}]}}