{"id":7145,"date":"2017-10-31T09:09:41","date_gmt":"2017-10-31T09:09:41","guid":{"rendered":"http:\/\/blogdorogeriogomes.com.br\/?p=7145"},"modified":"2017-10-31T09:17:18","modified_gmt":"2017-10-31T09:17:18","slug":"aumento-no-consumo-de-agua-na-rmf-preocupa-diante-do-quadro-de-seca","status":"publish","type":"post","link":"https:\/\/blogdorogeriogomes.com.br\/noticias\/2017\/10\/aumento-no-consumo-de-agua-na-rmf-preocupa-diante-do-quadro-de-seca\/","title":{"rendered":"Aumento no consumo de \u00e1gua na RMF preocupa diante do quadro de seca"},"content":{"rendered":"<p>&nbsp;<\/p>\n<div class=\"mceTemp\">\n<p><img loading=\"lazy\" decoding=\"async\" class=\"size-medium wp-image-7146\" src=\"http:\/\/blogdorogeriogomes.com.br\/wp-content\/uploads\/2017\/10\/unnamed-4-1-300x191.jpg\" alt=\"INAUGURACAO DA BARRAGEM GERMINAL, LOCALIZADA ENTRE OS MUNICIPIOS DE PACOTI E PALMACIA. EVENTO REALIZADO COM A PRESENCA DO GOVERNADOR CAMILO SANTANA, MINISTRO DA INTEGRACAO NACIONAL HELDER BARBALHO, SECRETARIO DE RECURSOS HIDRICOS FRANCISCO TEIXEIRA, DEPUTADOS E VEREADORES DO CEARA. ANTES DA CERIMONIA, AS AUTORIDADES VISITARAM A ESTRUTURA DA BARRAGEM E SOLTARAM PEIXES PARA POVOAMENTO NA AGUA. ESSA E UMA IMPORTANTE OBRA PARA MANUNTENCAO DA SECA NA REGIAO.\" width=\"300\" height=\"191\" srcset=\"https:\/\/blogdorogeriogomes.com.br\/noticias\/wp-content\/uploads\/2017\/10\/unnamed-4-1-300x191.jpg 300w, https:\/\/blogdorogeriogomes.com.br\/noticias\/wp-content\/uploads\/2017\/10\/unnamed-4-1.jpg 481w\" sizes=\"auto, (max-width: 300px) 100vw, 300px\" \/><span style=\"font-size: 0.8rem;\">A Secretaria dos Recursos H\u00eddricos, a Companhia de Gest\u00e3o dos Recursos H\u00eddricos (Cogerh), a Funda\u00e7\u00e3o Cearense de Meteorologia e Recursos H\u00eddricos (Funceme), e a Companhia de \u00c1gua e Esgoto do Cear\u00e1 (Cagece) apresentam nesta ter\u00e7a-feira, dia 31 de outubro, os dados referentes ao aumento do consumo de \u00e1gua em Fortaleza e Regi\u00e3o Metropolita.<\/span><span style=\"font-size: 0.8rem;\">\u00a0acordo com o secret\u00e1rio dos Recursos H\u00eddricos, Francisco Teixeira, houve aumento em rela\u00e7\u00e3o ao uso da \u00e1gua, o que faz com que os \u00f3rg\u00e3os ligados ao Governo estabele\u00e7a a\u00e7\u00f5es de enfrentamento aos efeitos da seca no Cear\u00e1, a fim de evitar qualquer possibilidade de racionamento.<\/span><\/p>\n<\/div>\n<p><span style=\"font-weight: 400;\">Por isso, \u00e9 preciso que a popula\u00e7\u00e3o contribua com o uso racional da \u00e1gua. Segundo<\/span><span style=\"font-size: 0.8rem;\">\u00a0a Coordenadoria Estadual da Defesa Civil, no Cear\u00e1 j\u00e1 s\u00e3o 102 munic\u00edpios em situa\u00e7\u00e3o de emerg\u00eancia afetados pela seca, incluindo Fortaleza.<\/span><\/p>\n","protected":false},"excerpt":{"rendered":"<p>&nbsp; A Secretaria dos Recursos H\u00eddricos, a Companhia de Gest\u00e3o dos Recursos H\u00eddricos (Cogerh), a Funda\u00e7\u00e3o Cearense de Meteorologia e Recursos H\u00eddricos (Funceme), e a Companhia de \u00c1gua e Esgoto do Cear\u00e1 (Cagece) apresentam nesta ter\u00e7a-feira, dia 31 de outubro, os dados referentes ao aumento do consumo de \u00e1gua em Fortaleza e Regi\u00e3o Metropolita.\u00a0acordo com o secret\u00e1rio dos Recursos H\u00eddricos, Francisco Teixeira, houve aumento em rela\u00e7\u00e3o ao uso da \u00e1gua, o que faz com que os \u00f3rg\u00e3os ligados ao&hellip;<\/p>\n","protected":false},"author":1,"featured_media":0,"comment_status":"open","ping_status":"open","sticky":false,"template":"","format":"standard","meta":{"footnotes":""},"categories":[1],"tags":[],"class_list":["post-7145","post","type-post","status-publish","format-standard","hentry","category-noticias"],"_links":{"self":[{"href":"https:\/\/blogdorogeriogomes.com.br\/noticias\/wp-json\/wp\/v2\/posts\/7145","targetHints":{"allow":["GET"]}}],"collection":[{"href":"https:\/\/blogdorogeriogomes.com.br\/noticias\/wp-json\/wp\/v2\/posts"}],"about":[{"href":"https:\/\/blogdorogeriogomes.com.br\/noticias\/wp-json\/wp\/v2\/types\/post"}],"author":[{"embeddable":true,"href":"https:\/\/blogdorogeriogomes.com.br\/noticias\/wp-json\/wp\/v2\/users\/1"}],"replies":[{"embeddable":true,"href":"https:\/\/blogdorogeriogomes.com.br\/noticias\/wp-json\/wp\/v2\/comments?post=7145"}],"version-history":[{"count":3,"href":"https:\/\/blogdorogeriogomes.com.br\/noticias\/wp-json\/wp\/v2\/posts\/7145\/revisions"}],"predecessor-version":[{"id":7152,"href":"https:\/\/blogdorogeriogomes.com.br\/noticias\/wp-json\/wp\/v2\/posts\/7145\/revisions\/7152"}],"wp:attachment":[{"href":"https:\/\/blogdorogeriogomes.com.br\/noticias\/wp-json\/wp\/v2\/media?parent=7145"}],"wp:term":[{"taxonomy":"category","embeddable":true,"href":"https:\/\/blogdorogeriogomes.com.br\/noticias\/wp-json\/wp\/v2\/categories?post=7145"},{"taxonomy":"post_tag","embeddable":true,"href":"https:\/\/blogdorogeriogomes.com.br\/noticias\/wp-json\/wp\/v2\/tags?post=7145"}],"curies":[{"name":"wp","href":"https:\/\/api.w.org\/{rel}","templated":true}]}}