{"id":7148,"date":"2017-10-31T09:11:30","date_gmt":"2017-10-31T09:11:30","guid":{"rendered":"http:\/\/blogdorogeriogomes.com.br\/?p=7148"},"modified":"2017-10-31T09:11:30","modified_gmt":"2017-10-31T09:11:30","slug":"cresce-a-pressao-sobre-temer-por-uma-reforma-ministerial-ainda-em-novembro","status":"publish","type":"post","link":"https:\/\/blogdorogeriogomes.com.br\/noticias\/2017\/10\/cresce-a-pressao-sobre-temer-por-uma-reforma-ministerial-ainda-em-novembro\/","title":{"rendered":"Cresce a press\u00e3o sobre Temer por uma reforma ministerial ainda em novembro"},"content":{"rendered":"<p><img loading=\"lazy\" decoding=\"async\" class=\"alignnone size-medium wp-image-7149\" src=\"http:\/\/blogdorogeriogomes.com.br\/wp-content\/uploads\/2017\/10\/images-52-300x200.jpg\" alt=\"images (52)\" width=\"300\" height=\"200\" srcset=\"https:\/\/blogdorogeriogomes.com.br\/noticias\/wp-content\/uploads\/2017\/10\/images-52-300x200.jpg 300w, https:\/\/blogdorogeriogomes.com.br\/noticias\/wp-content\/uploads\/2017\/10\/images-52.jpg 470w\" sizes=\"auto, (max-width: 300px) 100vw, 300px\" \/><\/p>\n<p><span style=\"font-weight: 400;\">A base aliada aumenta a press\u00e3o sobre o presidente Michel Temer. Quer cargos e mais cargos. E tamb\u00e9m quer minist\u00e9rios. Ap\u00f3s conseguir barrar a segunda den\u00fancia contra ele na C\u00e2mara, Temer iniciou a retirada de cargos destinados aos aliados \u201ctraidores\u201d que votaram a favor das investiga\u00e7\u00f5es.<\/span><\/p>\n<p><span style=\"font-weight: 400;\">L\u00edderes do chamado Centr\u00e3o no Congresso, que s\u00e3o os partidos de menor porte, est\u00e3o de olho nos cargos e exigem agora minist\u00e9rios. E exigem pressa. Avisaram ao Pal\u00e1cio do Planalto que n\u00e3o v\u00e3o aceitar o adiamento da reforma ministerial para mar\u00e7o ou abril de 2018.<\/span><\/p>\n<p><span style=\"font-weight: 400;\">E a moeda de trunfo \u00e9 a seguinte. Se Temer n\u00e3o ceder \u00e0 press\u00e3o, o Centr\u00e3o promete derrotar o Governo Federal em vota\u00e7\u00f5es at\u00e9 de medidas provis\u00f3rias no plen\u00e1rio da C\u00e2mara dos Deputados. Como era esperado, Michel Temer virou ref\u00e9m dos parlamentares comprados com emendas e benef\u00edcios.<\/span><\/p>\n","protected":false},"excerpt":{"rendered":"<p>A base aliada aumenta a press\u00e3o sobre o presidente Michel Temer. Quer cargos e mais cargos. E tamb\u00e9m quer minist\u00e9rios. Ap\u00f3s conseguir barrar a segunda den\u00fancia contra ele na C\u00e2mara, Temer iniciou a retirada de cargos destinados aos aliados \u201ctraidores\u201d que votaram a favor das investiga\u00e7\u00f5es. L\u00edderes do chamado Centr\u00e3o no Congresso, que s\u00e3o os partidos de menor porte, est\u00e3o de olho nos cargos e exigem agora minist\u00e9rios. E exigem pressa. Avisaram ao Pal\u00e1cio do Planalto que n\u00e3o v\u00e3o&hellip;<\/p>\n","protected":false},"author":1,"featured_media":0,"comment_status":"open","ping_status":"open","sticky":false,"template":"","format":"standard","meta":{"footnotes":""},"categories":[1],"tags":[],"class_list":["post-7148","post","type-post","status-publish","format-standard","hentry","category-noticias"],"_links":{"self":[{"href":"https:\/\/blogdorogeriogomes.com.br\/noticias\/wp-json\/wp\/v2\/posts\/7148","targetHints":{"allow":["GET"]}}],"collection":[{"href":"https:\/\/blogdorogeriogomes.com.br\/noticias\/wp-json\/wp\/v2\/posts"}],"about":[{"href":"https:\/\/blogdorogeriogomes.com.br\/noticias\/wp-json\/wp\/v2\/types\/post"}],"author":[{"embeddable":true,"href":"https:\/\/blogdorogeriogomes.com.br\/noticias\/wp-json\/wp\/v2\/users\/1"}],"replies":[{"embeddable":true,"href":"https:\/\/blogdorogeriogomes.com.br\/noticias\/wp-json\/wp\/v2\/comments?post=7148"}],"version-history":[{"count":1,"href":"https:\/\/blogdorogeriogomes.com.br\/noticias\/wp-json\/wp\/v2\/posts\/7148\/revisions"}],"predecessor-version":[{"id":7150,"href":"https:\/\/blogdorogeriogomes.com.br\/noticias\/wp-json\/wp\/v2\/posts\/7148\/revisions\/7150"}],"wp:attachment":[{"href":"https:\/\/blogdorogeriogomes.com.br\/noticias\/wp-json\/wp\/v2\/media?parent=7148"}],"wp:term":[{"taxonomy":"category","embeddable":true,"href":"https:\/\/blogdorogeriogomes.com.br\/noticias\/wp-json\/wp\/v2\/categories?post=7148"},{"taxonomy":"post_tag","embeddable":true,"href":"https:\/\/blogdorogeriogomes.com.br\/noticias\/wp-json\/wp\/v2\/tags?post=7148"}],"curies":[{"name":"wp","href":"https:\/\/api.w.org\/{rel}","templated":true}]}}