{"id":7153,"date":"2017-10-31T22:30:23","date_gmt":"2017-10-31T22:30:23","guid":{"rendered":"http:\/\/blogdorogeriogomes.com.br\/?p=7153"},"modified":"2017-10-31T22:30:23","modified_gmt":"2017-10-31T22:30:23","slug":"al-aprova-projeto-que-vincula-comarcas-em-11-municipios-cearenses","status":"publish","type":"post","link":"https:\/\/blogdorogeriogomes.com.br\/noticias\/2017\/10\/al-aprova-projeto-que-vincula-comarcas-em-11-municipios-cearenses\/","title":{"rendered":"AL aprova projeto que vincula comarcas em 11 munic\u00edpios cearenses"},"content":{"rendered":"<p><img loading=\"lazy\" decoding=\"async\" class=\"alignnone size-medium wp-image-7154\" src=\"http:\/\/blogdorogeriogomes.com.br\/wp-content\/uploads\/2017\/10\/6b105eb8e8696063e2e6a5afda77f415_L-300x200.jpg\" alt=\"6b105eb8e8696063e2e6a5afda77f415_L\" width=\"300\" height=\"200\" srcset=\"https:\/\/blogdorogeriogomes.com.br\/noticias\/wp-content\/uploads\/2017\/10\/6b105eb8e8696063e2e6a5afda77f415_L-300x200.jpg 300w, https:\/\/blogdorogeriogomes.com.br\/noticias\/wp-content\/uploads\/2017\/10\/6b105eb8e8696063e2e6a5afda77f415_L.jpg 400w\" sizes=\"auto, (max-width: 300px) 100vw, 300px\" \/><\/p>\n<p><span style=\"font-weight: 400;\">A Assembleia Legislativa aprovou a reforma da organiza\u00e7\u00e3o judici\u00e1ria no Cear\u00e1. O projeto gerou muita discuss\u00e3o e pol\u00eamica, porque o Minist\u00e9rio P\u00fablico e a OAB avaliam que as mudan\u00e7as reduzem a oportunidade de acesso dos mais pobres \u00e0 Justi\u00e7a.<\/span><\/p>\n<p><span style=\"font-weight: 400;\">Nas galerias do plen\u00e1rio da Assembleia, advogados e promotores acompanharam a discuss\u00e3o do projeto que faz mudan\u00e7as na organiza\u00e7\u00e3o judici\u00e1ria no Estado. O Minist\u00e9rio P\u00fablico e a OAB v\u00eaem preju\u00edzos na vincula\u00e7\u00e3o de comarcas em 11 munic\u00edpios do interior. <\/span><\/p>\n<p><span style=\"font-weight: 400;\">Outro ponto do projeto questionado pelas entidades foi a extin\u00e7\u00e3o de 22 juizados especiais criminais em Fortaleza. O atendimento ficar\u00e1 restrito a duas unidades no F\u00f3rum Cl\u00f3vis Bevil\u00e1qua.<\/span><\/p>\n<p><span style=\"font-weight: 400;\">A mat\u00e9ria recebeu 131 emendas nas comiss\u00f5es, mas a maioria foi rejeitada.<\/span><\/p>\n<p><span style=\"font-weight: 400;\">Como a mat\u00e9ria tramitou em regime de urg\u00eancia, o prazo para apresenta\u00e7\u00e3o de emendas terminou na \u00faltima sexta-feira. Para a base do Governo, a mensagem n\u00e3o vai prejudicar o cidad\u00e3o que precisa acessar a Justi\u00e7a em comarcas vinculadas.<\/span><\/p>\n","protected":false},"excerpt":{"rendered":"<p>A Assembleia Legislativa aprovou a reforma da organiza\u00e7\u00e3o judici\u00e1ria no Cear\u00e1. O projeto gerou muita discuss\u00e3o e pol\u00eamica, porque o Minist\u00e9rio P\u00fablico e a OAB avaliam que as mudan\u00e7as reduzem a oportunidade de acesso dos mais pobres \u00e0 Justi\u00e7a. Nas galerias do plen\u00e1rio da Assembleia, advogados e promotores acompanharam a discuss\u00e3o do projeto que faz mudan\u00e7as na organiza\u00e7\u00e3o judici\u00e1ria no Estado. O Minist\u00e9rio P\u00fablico e a OAB v\u00eaem preju\u00edzos na vincula\u00e7\u00e3o de comarcas em 11 munic\u00edpios do interior. Outro&hellip;<\/p>\n","protected":false},"author":1,"featured_media":0,"comment_status":"open","ping_status":"open","sticky":false,"template":"","format":"standard","meta":{"footnotes":""},"categories":[1],"tags":[],"class_list":["post-7153","post","type-post","status-publish","format-standard","hentry","category-noticias"],"_links":{"self":[{"href":"https:\/\/blogdorogeriogomes.com.br\/noticias\/wp-json\/wp\/v2\/posts\/7153","targetHints":{"allow":["GET"]}}],"collection":[{"href":"https:\/\/blogdorogeriogomes.com.br\/noticias\/wp-json\/wp\/v2\/posts"}],"about":[{"href":"https:\/\/blogdorogeriogomes.com.br\/noticias\/wp-json\/wp\/v2\/types\/post"}],"author":[{"embeddable":true,"href":"https:\/\/blogdorogeriogomes.com.br\/noticias\/wp-json\/wp\/v2\/users\/1"}],"replies":[{"embeddable":true,"href":"https:\/\/blogdorogeriogomes.com.br\/noticias\/wp-json\/wp\/v2\/comments?post=7153"}],"version-history":[{"count":1,"href":"https:\/\/blogdorogeriogomes.com.br\/noticias\/wp-json\/wp\/v2\/posts\/7153\/revisions"}],"predecessor-version":[{"id":7155,"href":"https:\/\/blogdorogeriogomes.com.br\/noticias\/wp-json\/wp\/v2\/posts\/7153\/revisions\/7155"}],"wp:attachment":[{"href":"https:\/\/blogdorogeriogomes.com.br\/noticias\/wp-json\/wp\/v2\/media?parent=7153"}],"wp:term":[{"taxonomy":"category","embeddable":true,"href":"https:\/\/blogdorogeriogomes.com.br\/noticias\/wp-json\/wp\/v2\/categories?post=7153"},{"taxonomy":"post_tag","embeddable":true,"href":"https:\/\/blogdorogeriogomes.com.br\/noticias\/wp-json\/wp\/v2\/tags?post=7153"}],"curies":[{"name":"wp","href":"https:\/\/api.w.org\/{rel}","templated":true}]}}