{"id":7174,"date":"2017-11-02T09:13:23","date_gmt":"2017-11-02T09:13:23","guid":{"rendered":"http:\/\/blogdorogeriogomes.com.br\/?p=7174"},"modified":"2017-11-02T09:13:23","modified_gmt":"2017-11-02T09:13:23","slug":"ex-ministro-petista-elogia-ciro-gomes-e-defende-uma-frente-para-2018","status":"publish","type":"post","link":"https:\/\/blogdorogeriogomes.com.br\/noticias\/2017\/11\/ex-ministro-petista-elogia-ciro-gomes-e-defende-uma-frente-para-2018\/","title":{"rendered":"Ex-ministro petista elogia Ciro Gomes e defende uma frente para 2018"},"content":{"rendered":"<p><img loading=\"lazy\" decoding=\"async\" class=\"alignnone size-medium wp-image-7175\" src=\"http:\/\/blogdorogeriogomes.com.br\/wp-content\/uploads\/2017\/11\/images-58-300x200.jpg\" alt=\"images (58)\" width=\"300\" height=\"200\" srcset=\"https:\/\/blogdorogeriogomes.com.br\/noticias\/wp-content\/uploads\/2017\/11\/images-58-300x200.jpg 300w, https:\/\/blogdorogeriogomes.com.br\/noticias\/wp-content\/uploads\/2017\/11\/images-58.jpg 470w\" sizes=\"auto, (max-width: 300px) 100vw, 300px\" \/><\/p>\n<p><span style=\"font-weight: 400;\">O ex-governador da Bahia e tamb\u00e9m ex-ministro de Lula, Jaques Wagner (PT), defende a cria\u00e7\u00e3o de uma &#8220;Marcha pela Civiliza\u00e7\u00e3o&#8221; que venha propor sa\u00eddas para o Pa\u00eds. Atual secret\u00e1rio do Governo Ruy Costa, do PT, na Bahia, Jaques Wagner teve um encontro com o pr\u00e9 candidato do PDT \u00e0 Presid\u00eancia da Rep\u00fablica, Ciro Gomes, que est\u00e1 de passagem pela Capital Baiana para uma s\u00e9rie de palestras.<\/span><\/p>\n<p><span style=\"font-weight: 400;\">Quando soube que Ciro estava na cidade, Jaques Wagner o convidou para um almo\u00e7o de amigos. Os dois foram ministros durante o governo Lula.<\/span><span style=\"font-weight: 400;\"><br \/>\n<\/span><span style=\"font-weight: 400;\">&#8220;Ciro \u00e9 grande quadro da pol\u00edtica nacional e um bom candidato, que pensa o Brasil a partir de um projeto nacional. A ele pude dizer isso tudo e mais: que a nossa tarefa principal \u00e9 construir pontes que possibilitem a maior unidade do campo progressista\u201d, disse o ex-ministro petista.<\/span><\/p>\n","protected":false},"excerpt":{"rendered":"<p>O ex-governador da Bahia e tamb\u00e9m ex-ministro de Lula, Jaques Wagner (PT), defende a cria\u00e7\u00e3o de uma &#8220;Marcha pela Civiliza\u00e7\u00e3o&#8221; que venha propor sa\u00eddas para o Pa\u00eds. Atual secret\u00e1rio do Governo Ruy Costa, do PT, na Bahia, Jaques Wagner teve um encontro com o pr\u00e9 candidato do PDT \u00e0 Presid\u00eancia da Rep\u00fablica, Ciro Gomes, que est\u00e1 de passagem pela Capital Baiana para uma s\u00e9rie de palestras. Quando soube que Ciro estava na cidade, Jaques Wagner o convidou para um&hellip;<\/p>\n","protected":false},"author":1,"featured_media":0,"comment_status":"open","ping_status":"open","sticky":false,"template":"","format":"standard","meta":{"footnotes":""},"categories":[1],"tags":[],"class_list":["post-7174","post","type-post","status-publish","format-standard","hentry","category-noticias"],"_links":{"self":[{"href":"https:\/\/blogdorogeriogomes.com.br\/noticias\/wp-json\/wp\/v2\/posts\/7174","targetHints":{"allow":["GET"]}}],"collection":[{"href":"https:\/\/blogdorogeriogomes.com.br\/noticias\/wp-json\/wp\/v2\/posts"}],"about":[{"href":"https:\/\/blogdorogeriogomes.com.br\/noticias\/wp-json\/wp\/v2\/types\/post"}],"author":[{"embeddable":true,"href":"https:\/\/blogdorogeriogomes.com.br\/noticias\/wp-json\/wp\/v2\/users\/1"}],"replies":[{"embeddable":true,"href":"https:\/\/blogdorogeriogomes.com.br\/noticias\/wp-json\/wp\/v2\/comments?post=7174"}],"version-history":[{"count":1,"href":"https:\/\/blogdorogeriogomes.com.br\/noticias\/wp-json\/wp\/v2\/posts\/7174\/revisions"}],"predecessor-version":[{"id":7176,"href":"https:\/\/blogdorogeriogomes.com.br\/noticias\/wp-json\/wp\/v2\/posts\/7174\/revisions\/7176"}],"wp:attachment":[{"href":"https:\/\/blogdorogeriogomes.com.br\/noticias\/wp-json\/wp\/v2\/media?parent=7174"}],"wp:term":[{"taxonomy":"category","embeddable":true,"href":"https:\/\/blogdorogeriogomes.com.br\/noticias\/wp-json\/wp\/v2\/categories?post=7174"},{"taxonomy":"post_tag","embeddable":true,"href":"https:\/\/blogdorogeriogomes.com.br\/noticias\/wp-json\/wp\/v2\/tags?post=7174"}],"curies":[{"name":"wp","href":"https:\/\/api.w.org\/{rel}","templated":true}]}}