{"id":7180,"date":"2017-11-03T08:47:55","date_gmt":"2017-11-03T08:47:55","guid":{"rendered":"http:\/\/blogdorogeriogomes.com.br\/?p=7180"},"modified":"2017-11-03T08:47:55","modified_gmt":"2017-11-03T08:47:55","slug":"ate-onde-vai-a-desfacatez-do-ministro-gilmar-mendes","status":"publish","type":"post","link":"https:\/\/blogdorogeriogomes.com.br\/noticias\/2017\/11\/ate-onde-vai-a-desfacatez-do-ministro-gilmar-mendes\/","title":{"rendered":"At\u00e9 onde vai a desfa\u00e7atez do ministro Gilmar Mendes?"},"content":{"rendered":"<p><img loading=\"lazy\" decoding=\"async\" class=\"alignnone size-medium wp-image-7181\" src=\"http:\/\/blogdorogeriogomes.com.br\/wp-content\/uploads\/2017\/11\/gilmar-mendes-AFP-PHOTO-EVARISTO-SA-300x281.jpg\" alt=\"gilmar-mendes-AFP-PHOTO-EVARISTO-SA\" width=\"300\" height=\"281\" srcset=\"https:\/\/blogdorogeriogomes.com.br\/noticias\/wp-content\/uploads\/2017\/11\/gilmar-mendes-AFP-PHOTO-EVARISTO-SA-300x281.jpg 300w, https:\/\/blogdorogeriogomes.com.br\/noticias\/wp-content\/uploads\/2017\/11\/gilmar-mendes-AFP-PHOTO-EVARISTO-SA.jpg 640w\" sizes=\"auto, (max-width: 300px) 100vw, 300px\" \/><\/p>\n<p><span style=\"font-weight: 400;\">Depois de negar o pedido de transfer\u00eancia do ex-governador S\u00e9rgio Cabral para um pres\u00eddio federal, o ministro do STF, Gilmar Mendes, usou como justificativa o fato de que os magistrados precisam \u201cnadar contra a corrente\u201d para fazer valer a legisla\u00e7\u00e3o do Pa\u00eds. Talvez isso venha explicar os in\u00fameros (declaradamente) corruptos que ele j\u00e1 mandou soltar. Tudo isso em nome da Lei.<\/span><\/p>\n<p><span style=\"font-weight: 400;\">Gilmar declarou: \u201cA nossa fun\u00e7\u00e3o no Supremo Tribunal Federal, sobretudo, mas na magistratura em geral, muitas vezes \u00e9 uma fun\u00e7\u00e3o contra majorit\u00e1ria. Isso significa que muitas vezes n\u00f3s temos que nadar contra a corrente\u201d. Em resumo: contra os interesses da popula\u00e7\u00e3o, contra os interesses da maioria e da coletividade.<\/span><\/p>\n","protected":false},"excerpt":{"rendered":"<p>Depois de negar o pedido de transfer\u00eancia do ex-governador S\u00e9rgio Cabral para um pres\u00eddio federal, o ministro do STF, Gilmar Mendes, usou como justificativa o fato de que os magistrados precisam \u201cnadar contra a corrente\u201d para fazer valer a legisla\u00e7\u00e3o do Pa\u00eds. Talvez isso venha explicar os in\u00fameros (declaradamente) corruptos que ele j\u00e1 mandou soltar. Tudo isso em nome da Lei. Gilmar declarou: \u201cA nossa fun\u00e7\u00e3o no Supremo Tribunal Federal, sobretudo, mas na magistratura em geral, muitas vezes \u00e9&hellip;<\/p>\n","protected":false},"author":1,"featured_media":0,"comment_status":"open","ping_status":"open","sticky":false,"template":"","format":"standard","meta":{"footnotes":""},"categories":[1],"tags":[],"class_list":["post-7180","post","type-post","status-publish","format-standard","hentry","category-noticias"],"_links":{"self":[{"href":"https:\/\/blogdorogeriogomes.com.br\/noticias\/wp-json\/wp\/v2\/posts\/7180","targetHints":{"allow":["GET"]}}],"collection":[{"href":"https:\/\/blogdorogeriogomes.com.br\/noticias\/wp-json\/wp\/v2\/posts"}],"about":[{"href":"https:\/\/blogdorogeriogomes.com.br\/noticias\/wp-json\/wp\/v2\/types\/post"}],"author":[{"embeddable":true,"href":"https:\/\/blogdorogeriogomes.com.br\/noticias\/wp-json\/wp\/v2\/users\/1"}],"replies":[{"embeddable":true,"href":"https:\/\/blogdorogeriogomes.com.br\/noticias\/wp-json\/wp\/v2\/comments?post=7180"}],"version-history":[{"count":1,"href":"https:\/\/blogdorogeriogomes.com.br\/noticias\/wp-json\/wp\/v2\/posts\/7180\/revisions"}],"predecessor-version":[{"id":7182,"href":"https:\/\/blogdorogeriogomes.com.br\/noticias\/wp-json\/wp\/v2\/posts\/7180\/revisions\/7182"}],"wp:attachment":[{"href":"https:\/\/blogdorogeriogomes.com.br\/noticias\/wp-json\/wp\/v2\/media?parent=7180"}],"wp:term":[{"taxonomy":"category","embeddable":true,"href":"https:\/\/blogdorogeriogomes.com.br\/noticias\/wp-json\/wp\/v2\/categories?post=7180"},{"taxonomy":"post_tag","embeddable":true,"href":"https:\/\/blogdorogeriogomes.com.br\/noticias\/wp-json\/wp\/v2\/tags?post=7180"}],"curies":[{"name":"wp","href":"https:\/\/api.w.org\/{rel}","templated":true}]}}