{"id":7186,"date":"2017-11-03T22:41:40","date_gmt":"2017-11-03T22:41:40","guid":{"rendered":"http:\/\/blogdorogeriogomes.com.br\/?p=7186"},"modified":"2017-11-03T22:41:40","modified_gmt":"2017-11-03T22:41:40","slug":"meirelles-quer-ser-candidato-mas-faltam-empatia-e-popularidade","status":"publish","type":"post","link":"https:\/\/blogdorogeriogomes.com.br\/noticias\/2017\/11\/meirelles-quer-ser-candidato-mas-faltam-empatia-e-popularidade\/","title":{"rendered":"Meirelles quer ser candidato, mas faltam empatia e popularidade"},"content":{"rendered":"<p><img loading=\"lazy\" decoding=\"async\" class=\"alignnone size-medium wp-image-7187\" src=\"http:\/\/blogdorogeriogomes.com.br\/wp-content\/uploads\/2017\/11\/image-1-300x200.jpg\" alt=\"image (1)\" width=\"300\" height=\"200\" srcset=\"https:\/\/blogdorogeriogomes.com.br\/noticias\/wp-content\/uploads\/2017\/11\/image-1-300x200.jpg 300w, https:\/\/blogdorogeriogomes.com.br\/noticias\/wp-content\/uploads\/2017\/11\/image-1.jpg 310w\" sizes=\"auto, (max-width: 300px) 100vw, 300px\" \/><\/p>\n<p><span style=\"font-weight: 400;\">At\u00e9 que ponto a ideia de parte do empresariado em lan\u00e7ar o ministro da Fazenda, Henrique Meirelles, como candidato \u00e0 Presid\u00eancia da Rep\u00fablica em 2018 pode dar certo? Meirelles vem testando a sua popularidade e aceita\u00e7\u00e3o ao participar de eventos e entrevistas \u00e0 m\u00eddia, se mostrando disposto a concorrer ao posto mais alto do Pa\u00eds.<\/span><\/p>\n<p><span style=\"font-weight: 400;\">Henrique Meirelles seria a garantia de continuidade das a\u00e7\u00f5es reformistas que v\u00eam sendo imposta pelo atual Governo ap\u00f3s o impeachment de Dilma Rousseff. Ele agrada boa parte do mercado e aposta nisso para tentar se viabilizar candidato. Chegou at\u00e9 a afirmar esta semana que n\u00e3o aceitaria figurar como vice-presidente em uma chapa.<\/span><\/p>\n<p><span style=\"font-weight: 400;\">Mas uma elei\u00e7\u00e3o presidencial exige muito al\u00e9m de preparo para o cargo e disposi\u00e7\u00e3o pol\u00edtica. Falta a Henrique Meirelles empatia com o eleitor. Claro, que uma boa estrat\u00e9gia de marketing poderia mudar o perfil dele para enfrentar o pleito. S\u00f3 que as suas inten\u00e7\u00f5es reformistas n\u00e3o t\u00eam sido do agrado de assalariados e classe trabalhadora.<\/span><\/p>\n","protected":false},"excerpt":{"rendered":"<p>At\u00e9 que ponto a ideia de parte do empresariado em lan\u00e7ar o ministro da Fazenda, Henrique Meirelles, como candidato \u00e0 Presid\u00eancia da Rep\u00fablica em 2018 pode dar certo? Meirelles vem testando a sua popularidade e aceita\u00e7\u00e3o ao participar de eventos e entrevistas \u00e0 m\u00eddia, se mostrando disposto a concorrer ao posto mais alto do Pa\u00eds. Henrique Meirelles seria a garantia de continuidade das a\u00e7\u00f5es reformistas que v\u00eam sendo imposta pelo atual Governo ap\u00f3s o impeachment de Dilma Rousseff. Ele&hellip;<\/p>\n","protected":false},"author":1,"featured_media":0,"comment_status":"open","ping_status":"open","sticky":false,"template":"","format":"standard","meta":{"footnotes":""},"categories":[1],"tags":[],"class_list":["post-7186","post","type-post","status-publish","format-standard","hentry","category-noticias"],"_links":{"self":[{"href":"https:\/\/blogdorogeriogomes.com.br\/noticias\/wp-json\/wp\/v2\/posts\/7186","targetHints":{"allow":["GET"]}}],"collection":[{"href":"https:\/\/blogdorogeriogomes.com.br\/noticias\/wp-json\/wp\/v2\/posts"}],"about":[{"href":"https:\/\/blogdorogeriogomes.com.br\/noticias\/wp-json\/wp\/v2\/types\/post"}],"author":[{"embeddable":true,"href":"https:\/\/blogdorogeriogomes.com.br\/noticias\/wp-json\/wp\/v2\/users\/1"}],"replies":[{"embeddable":true,"href":"https:\/\/blogdorogeriogomes.com.br\/noticias\/wp-json\/wp\/v2\/comments?post=7186"}],"version-history":[{"count":1,"href":"https:\/\/blogdorogeriogomes.com.br\/noticias\/wp-json\/wp\/v2\/posts\/7186\/revisions"}],"predecessor-version":[{"id":7188,"href":"https:\/\/blogdorogeriogomes.com.br\/noticias\/wp-json\/wp\/v2\/posts\/7186\/revisions\/7188"}],"wp:attachment":[{"href":"https:\/\/blogdorogeriogomes.com.br\/noticias\/wp-json\/wp\/v2\/media?parent=7186"}],"wp:term":[{"taxonomy":"category","embeddable":true,"href":"https:\/\/blogdorogeriogomes.com.br\/noticias\/wp-json\/wp\/v2\/categories?post=7186"},{"taxonomy":"post_tag","embeddable":true,"href":"https:\/\/blogdorogeriogomes.com.br\/noticias\/wp-json\/wp\/v2\/tags?post=7186"}],"curies":[{"name":"wp","href":"https:\/\/api.w.org\/{rel}","templated":true}]}}