{"id":7189,"date":"2017-11-04T09:18:51","date_gmt":"2017-11-04T09:18:51","guid":{"rendered":"http:\/\/blogdorogeriogomes.com.br\/?p=7189"},"modified":"2017-11-04T09:18:51","modified_gmt":"2017-11-04T09:18:51","slug":"enem-comeca-neste-domingo-com-365-mil-candidatos-no-ceara","status":"publish","type":"post","link":"https:\/\/blogdorogeriogomes.com.br\/noticias\/2017\/11\/enem-comeca-neste-domingo-com-365-mil-candidatos-no-ceara\/","title":{"rendered":"Enem come\u00e7a neste domingo com 365 mil candidatos no Cear\u00e1"},"content":{"rendered":"<p><img loading=\"lazy\" decoding=\"async\" class=\"alignnone size-medium wp-image-7190\" src=\"http:\/\/blogdorogeriogomes.com.br\/wp-content\/uploads\/2017\/11\/images-61-300x157.jpg\" alt=\"images (61)\" width=\"300\" height=\"157\" srcset=\"https:\/\/blogdorogeriogomes.com.br\/noticias\/wp-content\/uploads\/2017\/11\/images-61-300x157.jpg 300w, https:\/\/blogdorogeriogomes.com.br\/noticias\/wp-content\/uploads\/2017\/11\/images-61.jpg 530w\" sizes=\"auto, (max-width: 300px) 100vw, 300px\" \/><\/p>\n<p><span style=\"font-weight: 400;\">O domingo, dia 5 de novembro, ser\u00e1 de aplica\u00e7\u00e3o do Exame Nacional do Ensino M\u00e9dio (Enem). Os candidatos no Cear\u00e1 precisam estar atentos ao hor\u00e1rio. Os port\u00f5es abrem \u00e0s 11 horas da manh\u00e3 (hor\u00e1rio local) e fecham ao meio-dia. A prova \u00e9 aplicada a partir de 12h30min com cinco horas e meia de dura\u00e7\u00e3o.<\/span><\/p>\n<p><span style=\"font-weight: 400;\">O Enem deste ano acontece em dois domingos. No primeiro dia, as provas envolvem quest\u00f5es de Linguagens, C\u00f3digos e sua Tecnologia e Ci\u00eancias Humanas e suas Tecnologias, al\u00e9m da Reda\u00e7\u00e3o.<\/span><\/p>\n<p><span style=\"font-weight: 400;\">No Cear\u00e1, 120 munic\u00edpios aplicar\u00e3o o Enem para os 365 mil candidatos. Os munic\u00edpios cearenses com maior n\u00famero de inscritos s\u00e3o Fortaleza, com 125.742, Juazeiro do norte, com 14.334, Caucaia, com 13.293, Sobral, com 11.146, e Maracana\u00fa, com 11.003 candidatos.<\/span><\/p>\n","protected":false},"excerpt":{"rendered":"<p>O domingo, dia 5 de novembro, ser\u00e1 de aplica\u00e7\u00e3o do Exame Nacional do Ensino M\u00e9dio (Enem). Os candidatos no Cear\u00e1 precisam estar atentos ao hor\u00e1rio. Os port\u00f5es abrem \u00e0s 11 horas da manh\u00e3 (hor\u00e1rio local) e fecham ao meio-dia. A prova \u00e9 aplicada a partir de 12h30min com cinco horas e meia de dura\u00e7\u00e3o. O Enem deste ano acontece em dois domingos. No primeiro dia, as provas envolvem quest\u00f5es de Linguagens, C\u00f3digos e sua Tecnologia e Ci\u00eancias Humanas e&hellip;<\/p>\n","protected":false},"author":1,"featured_media":0,"comment_status":"open","ping_status":"open","sticky":false,"template":"","format":"standard","meta":{"footnotes":""},"categories":[1],"tags":[],"class_list":["post-7189","post","type-post","status-publish","format-standard","hentry","category-noticias"],"_links":{"self":[{"href":"https:\/\/blogdorogeriogomes.com.br\/noticias\/wp-json\/wp\/v2\/posts\/7189","targetHints":{"allow":["GET"]}}],"collection":[{"href":"https:\/\/blogdorogeriogomes.com.br\/noticias\/wp-json\/wp\/v2\/posts"}],"about":[{"href":"https:\/\/blogdorogeriogomes.com.br\/noticias\/wp-json\/wp\/v2\/types\/post"}],"author":[{"embeddable":true,"href":"https:\/\/blogdorogeriogomes.com.br\/noticias\/wp-json\/wp\/v2\/users\/1"}],"replies":[{"embeddable":true,"href":"https:\/\/blogdorogeriogomes.com.br\/noticias\/wp-json\/wp\/v2\/comments?post=7189"}],"version-history":[{"count":1,"href":"https:\/\/blogdorogeriogomes.com.br\/noticias\/wp-json\/wp\/v2\/posts\/7189\/revisions"}],"predecessor-version":[{"id":7191,"href":"https:\/\/blogdorogeriogomes.com.br\/noticias\/wp-json\/wp\/v2\/posts\/7189\/revisions\/7191"}],"wp:attachment":[{"href":"https:\/\/blogdorogeriogomes.com.br\/noticias\/wp-json\/wp\/v2\/media?parent=7189"}],"wp:term":[{"taxonomy":"category","embeddable":true,"href":"https:\/\/blogdorogeriogomes.com.br\/noticias\/wp-json\/wp\/v2\/categories?post=7189"},{"taxonomy":"post_tag","embeddable":true,"href":"https:\/\/blogdorogeriogomes.com.br\/noticias\/wp-json\/wp\/v2\/tags?post=7189"}],"curies":[{"name":"wp","href":"https:\/\/api.w.org\/{rel}","templated":true}]}}