{"id":7195,"date":"2017-11-06T08:48:23","date_gmt":"2017-11-06T08:48:23","guid":{"rendered":"http:\/\/blogdorogeriogomes.com.br\/?p=7195"},"modified":"2017-11-06T08:48:23","modified_gmt":"2017-11-06T08:48:23","slug":"cunha-presta-depoimento-nesta-segunda-feira-em-brasilia","status":"publish","type":"post","link":"https:\/\/blogdorogeriogomes.com.br\/noticias\/2017\/11\/cunha-presta-depoimento-nesta-segunda-feira-em-brasilia\/","title":{"rendered":"Cunha presta depoimento nesta segunda-feira em Bras\u00edlia"},"content":{"rendered":"<p><img loading=\"lazy\" decoding=\"async\" class=\"alignnone size-medium wp-image-7196\" src=\"http:\/\/blogdorogeriogomes.com.br\/wp-content\/uploads\/2017\/11\/images-300x146.jpg\" alt=\"images\" width=\"300\" height=\"146\" srcset=\"https:\/\/blogdorogeriogomes.com.br\/noticias\/wp-content\/uploads\/2017\/11\/images-300x146.jpg 300w, https:\/\/blogdorogeriogomes.com.br\/noticias\/wp-content\/uploads\/2017\/11\/images.jpg 322w\" sizes=\"auto, (max-width: 300px) 100vw, 300px\" \/><\/p>\n<p>O ex-deputado Eduardo Cunha vai encarar procuradores do Minist\u00e9rio P\u00fablico Federal e delatores que o acusam de ter participado de um esquema de pagamento de propina na Caixa Econ\u00f4mica em troca de libera\u00e7\u00e3o de recursos do FI-FGTS, fundo de investimentos gerido pelo banco estatal.<br \/>\nO ex-presidente da C\u00e2mara dos Deputados ser\u00e1 interrogado nesta segunda-feira, dia 6 de novembro, na a\u00e7\u00e3o em que \u00e9 r\u00e9u junto com o ex-ministro Henrique Eduardo Alves (PMDB-RN) e os delatores L\u00facio Funaro, F\u00e1bio Cleto e Alexandre Margotto.<br \/>\nCunha ser\u00e1 submetido a perguntas do juiz Vallisney de Oliveira, respons\u00e1vel pela condu\u00e7\u00e3o do processo na 10\u00aa Vara Federal de Bras\u00edlia, dos procuradores do MPF e advogados dos delatores.<\/p>\n","protected":false},"excerpt":{"rendered":"<p>O ex-deputado Eduardo Cunha vai encarar procuradores do Minist\u00e9rio P\u00fablico Federal e delatores que o acusam de ter participado de um esquema de pagamento de propina na Caixa Econ\u00f4mica em troca de libera\u00e7\u00e3o de recursos do FI-FGTS, fundo de investimentos gerido pelo banco estatal. O ex-presidente da C\u00e2mara dos Deputados ser\u00e1 interrogado nesta segunda-feira, dia 6 de novembro, na a\u00e7\u00e3o em que \u00e9 r\u00e9u junto com o ex-ministro Henrique Eduardo Alves (PMDB-RN) e os delatores L\u00facio Funaro, F\u00e1bio Cleto&hellip;<\/p>\n","protected":false},"author":1,"featured_media":0,"comment_status":"open","ping_status":"open","sticky":false,"template":"","format":"standard","meta":{"footnotes":""},"categories":[1],"tags":[],"class_list":["post-7195","post","type-post","status-publish","format-standard","hentry","category-noticias"],"_links":{"self":[{"href":"https:\/\/blogdorogeriogomes.com.br\/noticias\/wp-json\/wp\/v2\/posts\/7195","targetHints":{"allow":["GET"]}}],"collection":[{"href":"https:\/\/blogdorogeriogomes.com.br\/noticias\/wp-json\/wp\/v2\/posts"}],"about":[{"href":"https:\/\/blogdorogeriogomes.com.br\/noticias\/wp-json\/wp\/v2\/types\/post"}],"author":[{"embeddable":true,"href":"https:\/\/blogdorogeriogomes.com.br\/noticias\/wp-json\/wp\/v2\/users\/1"}],"replies":[{"embeddable":true,"href":"https:\/\/blogdorogeriogomes.com.br\/noticias\/wp-json\/wp\/v2\/comments?post=7195"}],"version-history":[{"count":1,"href":"https:\/\/blogdorogeriogomes.com.br\/noticias\/wp-json\/wp\/v2\/posts\/7195\/revisions"}],"predecessor-version":[{"id":7197,"href":"https:\/\/blogdorogeriogomes.com.br\/noticias\/wp-json\/wp\/v2\/posts\/7195\/revisions\/7197"}],"wp:attachment":[{"href":"https:\/\/blogdorogeriogomes.com.br\/noticias\/wp-json\/wp\/v2\/media?parent=7195"}],"wp:term":[{"taxonomy":"category","embeddable":true,"href":"https:\/\/blogdorogeriogomes.com.br\/noticias\/wp-json\/wp\/v2\/categories?post=7195"},{"taxonomy":"post_tag","embeddable":true,"href":"https:\/\/blogdorogeriogomes.com.br\/noticias\/wp-json\/wp\/v2\/tags?post=7195"}],"curies":[{"name":"wp","href":"https:\/\/api.w.org\/{rel}","templated":true}]}}