{"id":7198,"date":"2017-11-06T08:54:30","date_gmt":"2017-11-06T08:54:30","guid":{"rendered":"http:\/\/blogdorogeriogomes.com.br\/?p=7198"},"modified":"2017-11-06T08:54:30","modified_gmt":"2017-11-06T08:54:30","slug":"ja-descobriram-offshores-no-nome-de-meirelles-no-exterior","status":"publish","type":"post","link":"https:\/\/blogdorogeriogomes.com.br\/noticias\/2017\/11\/ja-descobriram-offshores-no-nome-de-meirelles-no-exterior\/","title":{"rendered":"J\u00e1 descobriram offshores no nome de Meirelles no Exterior"},"content":{"rendered":"<p><img loading=\"lazy\" decoding=\"async\" class=\"alignnone size-medium wp-image-7199\" src=\"http:\/\/blogdorogeriogomes.com.br\/wp-content\/uploads\/2017\/11\/images-1-300x242.jpg\" alt=\"images (1)\" width=\"300\" height=\"242\" srcset=\"https:\/\/blogdorogeriogomes.com.br\/noticias\/wp-content\/uploads\/2017\/11\/images-1-300x242.jpg 300w, https:\/\/blogdorogeriogomes.com.br\/noticias\/wp-content\/uploads\/2017\/11\/images-1.jpg 427w\" sizes=\"auto, (max-width: 300px) 100vw, 300px\" \/><\/p>\n<p><span style=\"font-weight: 400;\">Foi s\u00f3 declarar em entrevista \u00e0 revista Veja que pretendia se candidatar \u00e0 presid\u00eancia da Rep\u00fablica que j\u00e1 iniciaram uma devassa na vida do atual ministro da Fazenda, Henrique Meirelles. E come\u00e7aram a encontrar.<\/span><\/p>\n<p><span style=\"font-weight: 400;\">Pelo menos dois ministros do governo de Michel Temer s\u00e3o mencionados em um grande vazamento de informa\u00e7\u00f5es do escrit\u00f3rio de advocacia Appleby, especializado em empresas offshores. Al\u00e9m de Henrique Meirelles, h\u00e1 tamb\u00e9m informa\u00e7\u00f5es sobre uma empresa ligada ao ministro da Agricultura, Blairo Maggi.<\/span><span style=\"font-weight: 400;\"><br \/>\n<\/span><span style=\"font-weight: 400;\">O vazamento est\u00e1 sendo chamado de &#8220;Paradise Papers&#8221;, e envolve figuras importantes do governo do presidente norte-americano, Donald Trump.<\/span><span style=\"font-weight: 400;\"><br \/>\n<\/span><span style=\"font-weight: 400;\">Antes de se tornar ministro de Temer, Meirelles presidiu o Banco Central brasileiro (de 2003 a 2010), durante o governo do ex-presidente Lula (PT). <\/span><\/p>\n","protected":false},"excerpt":{"rendered":"<p>Foi s\u00f3 declarar em entrevista \u00e0 revista Veja que pretendia se candidatar \u00e0 presid\u00eancia da Rep\u00fablica que j\u00e1 iniciaram uma devassa na vida do atual ministro da Fazenda, Henrique Meirelles. E come\u00e7aram a encontrar. Pelo menos dois ministros do governo de Michel Temer s\u00e3o mencionados em um grande vazamento de informa\u00e7\u00f5es do escrit\u00f3rio de advocacia Appleby, especializado em empresas offshores. Al\u00e9m de Henrique Meirelles, h\u00e1 tamb\u00e9m informa\u00e7\u00f5es sobre uma empresa ligada ao ministro da Agricultura, Blairo Maggi. O vazamento&hellip;<\/p>\n","protected":false},"author":1,"featured_media":0,"comment_status":"open","ping_status":"open","sticky":false,"template":"","format":"standard","meta":{"footnotes":""},"categories":[1],"tags":[],"class_list":["post-7198","post","type-post","status-publish","format-standard","hentry","category-noticias"],"_links":{"self":[{"href":"https:\/\/blogdorogeriogomes.com.br\/noticias\/wp-json\/wp\/v2\/posts\/7198","targetHints":{"allow":["GET"]}}],"collection":[{"href":"https:\/\/blogdorogeriogomes.com.br\/noticias\/wp-json\/wp\/v2\/posts"}],"about":[{"href":"https:\/\/blogdorogeriogomes.com.br\/noticias\/wp-json\/wp\/v2\/types\/post"}],"author":[{"embeddable":true,"href":"https:\/\/blogdorogeriogomes.com.br\/noticias\/wp-json\/wp\/v2\/users\/1"}],"replies":[{"embeddable":true,"href":"https:\/\/blogdorogeriogomes.com.br\/noticias\/wp-json\/wp\/v2\/comments?post=7198"}],"version-history":[{"count":1,"href":"https:\/\/blogdorogeriogomes.com.br\/noticias\/wp-json\/wp\/v2\/posts\/7198\/revisions"}],"predecessor-version":[{"id":7200,"href":"https:\/\/blogdorogeriogomes.com.br\/noticias\/wp-json\/wp\/v2\/posts\/7198\/revisions\/7200"}],"wp:attachment":[{"href":"https:\/\/blogdorogeriogomes.com.br\/noticias\/wp-json\/wp\/v2\/media?parent=7198"}],"wp:term":[{"taxonomy":"category","embeddable":true,"href":"https:\/\/blogdorogeriogomes.com.br\/noticias\/wp-json\/wp\/v2\/categories?post=7198"},{"taxonomy":"post_tag","embeddable":true,"href":"https:\/\/blogdorogeriogomes.com.br\/noticias\/wp-json\/wp\/v2\/tags?post=7198"}],"curies":[{"name":"wp","href":"https:\/\/api.w.org\/{rel}","templated":true}]}}