{"id":7201,"date":"2017-11-06T21:14:22","date_gmt":"2017-11-06T21:14:22","guid":{"rendered":"http:\/\/blogdorogeriogomes.com.br\/?p=7201"},"modified":"2017-11-06T21:14:22","modified_gmt":"2017-11-06T21:14:22","slug":"pipeiros-entram-em-greve-e-suspendem-operacao-carro-pipa-no-ceara","status":"publish","type":"post","link":"https:\/\/blogdorogeriogomes.com.br\/noticias\/2017\/11\/pipeiros-entram-em-greve-e-suspendem-operacao-carro-pipa-no-ceara\/","title":{"rendered":"Pipeiros entram em greve e suspendem Opera\u00e7\u00e3o Carro-Pipa no Cear\u00e1"},"content":{"rendered":"<p><img loading=\"lazy\" decoding=\"async\" class=\"alignnone size-medium wp-image-7202\" src=\"http:\/\/blogdorogeriogomes.com.br\/wp-content\/uploads\/2017\/11\/images-2-300x225.jpg\" alt=\"images (2)\" width=\"300\" height=\"225\" srcset=\"https:\/\/blogdorogeriogomes.com.br\/noticias\/wp-content\/uploads\/2017\/11\/images-2-300x225.jpg 300w, https:\/\/blogdorogeriogomes.com.br\/noticias\/wp-content\/uploads\/2017\/11\/images-2.jpg 443w\" sizes=\"auto, (max-width: 300px) 100vw, 300px\" \/><\/p>\n<p><span style=\"font-weight: 400;\">A segunda-feira, dia 6 de novembro, foi de paralisa\u00e7\u00e3o de pipeiros no Cear\u00e1. Cerca de 1.800 carros-pipa cadastrados no programa emergencial de abastecimento de \u00e1gua em \u00e1reas rurais do Estado deixaram de circular. O principal motivo da paralisa\u00e7\u00e3o \u00e9 a falha no sistema eletr\u00f4nico de aferi\u00e7\u00e3o das rotas, que estaria provocando atraso de at\u00e9 tr\u00eas meses no pagamento dos pipeiros.<\/span><\/p>\n<p><span style=\"font-weight: 400;\">A Opera\u00e7\u00e3o Carro-Pipa, do Governo Federal, \u00e9 coordenada pela 10\u00aa Regi\u00e3o Militar do Ex\u00e9rcito Brasileiro, que \u00e9 respons\u00e1vel pelo controle e fiscaliza\u00e7\u00e3o do servi\u00e7o.<\/span><\/p>\n<p><span style=\"font-weight: 400;\">O Sindicato dos Pipeiros do Cear\u00e1 estima que cerca de 800 mil pessoas ficaram prejudicadas com a paralisa\u00e7\u00e3o iniciada hoje. Foram registrados protestos em Morada Nova, Or\u00f3s, Banabui\u00fa, Madalena e tamb\u00e9m em Caucaia.<\/span><\/p>\n","protected":false},"excerpt":{"rendered":"<p>A segunda-feira, dia 6 de novembro, foi de paralisa\u00e7\u00e3o de pipeiros no Cear\u00e1. Cerca de 1.800 carros-pipa cadastrados no programa emergencial de abastecimento de \u00e1gua em \u00e1reas rurais do Estado deixaram de circular. O principal motivo da paralisa\u00e7\u00e3o \u00e9 a falha no sistema eletr\u00f4nico de aferi\u00e7\u00e3o das rotas, que estaria provocando atraso de at\u00e9 tr\u00eas meses no pagamento dos pipeiros. A Opera\u00e7\u00e3o Carro-Pipa, do Governo Federal, \u00e9 coordenada pela 10\u00aa Regi\u00e3o Militar do Ex\u00e9rcito Brasileiro, que \u00e9 respons\u00e1vel pelo&hellip;<\/p>\n","protected":false},"author":1,"featured_media":0,"comment_status":"open","ping_status":"open","sticky":false,"template":"","format":"standard","meta":{"footnotes":""},"categories":[1],"tags":[],"class_list":["post-7201","post","type-post","status-publish","format-standard","hentry","category-noticias"],"_links":{"self":[{"href":"https:\/\/blogdorogeriogomes.com.br\/noticias\/wp-json\/wp\/v2\/posts\/7201","targetHints":{"allow":["GET"]}}],"collection":[{"href":"https:\/\/blogdorogeriogomes.com.br\/noticias\/wp-json\/wp\/v2\/posts"}],"about":[{"href":"https:\/\/blogdorogeriogomes.com.br\/noticias\/wp-json\/wp\/v2\/types\/post"}],"author":[{"embeddable":true,"href":"https:\/\/blogdorogeriogomes.com.br\/noticias\/wp-json\/wp\/v2\/users\/1"}],"replies":[{"embeddable":true,"href":"https:\/\/blogdorogeriogomes.com.br\/noticias\/wp-json\/wp\/v2\/comments?post=7201"}],"version-history":[{"count":1,"href":"https:\/\/blogdorogeriogomes.com.br\/noticias\/wp-json\/wp\/v2\/posts\/7201\/revisions"}],"predecessor-version":[{"id":7203,"href":"https:\/\/blogdorogeriogomes.com.br\/noticias\/wp-json\/wp\/v2\/posts\/7201\/revisions\/7203"}],"wp:attachment":[{"href":"https:\/\/blogdorogeriogomes.com.br\/noticias\/wp-json\/wp\/v2\/media?parent=7201"}],"wp:term":[{"taxonomy":"category","embeddable":true,"href":"https:\/\/blogdorogeriogomes.com.br\/noticias\/wp-json\/wp\/v2\/categories?post=7201"},{"taxonomy":"post_tag","embeddable":true,"href":"https:\/\/blogdorogeriogomes.com.br\/noticias\/wp-json\/wp\/v2\/tags?post=7201"}],"curies":[{"name":"wp","href":"https:\/\/api.w.org\/{rel}","templated":true}]}}