{"id":7204,"date":"2017-11-06T21:33:45","date_gmt":"2017-11-06T21:33:45","guid":{"rendered":"http:\/\/blogdorogeriogomes.com.br\/?p=7204"},"modified":"2017-11-06T21:33:45","modified_gmt":"2017-11-06T21:33:45","slug":"semana-do-direito-da-uni7-oferece-servicos-gratuitos-a-comunidade","status":"publish","type":"post","link":"https:\/\/blogdorogeriogomes.com.br\/noticias\/2017\/11\/semana-do-direito-da-uni7-oferece-servicos-gratuitos-a-comunidade\/","title":{"rendered":"Semana do Direito da UNI7 oferece servi\u00e7os gratuitos a comunidade"},"content":{"rendered":"<p><img loading=\"lazy\" decoding=\"async\" class=\"alignnone size-medium wp-image-7205\" src=\"http:\/\/blogdorogeriogomes.com.br\/wp-content\/uploads\/2017\/11\/images-3-300x161.jpg\" alt=\"images (3)\" width=\"300\" height=\"161\" srcset=\"https:\/\/blogdorogeriogomes.com.br\/noticias\/wp-content\/uploads\/2017\/11\/images-3-300x161.jpg 300w, https:\/\/blogdorogeriogomes.com.br\/noticias\/wp-content\/uploads\/2017\/11\/images-3.jpg 523w\" sizes=\"auto, (max-width: 300px) 100vw, 300px\" \/><\/p>\n<p><span style=\"font-weight: 400;\">A XVI Semana do Direito, que comemora os 15 anos do curso no Centro Universit\u00e1rio, tem in\u00edcio nesta ter\u00e7a-feira, dia 7 de novembro. O dia ser\u00e1 de oferta de servi\u00e7os gratuitos \u00e0 popula\u00e7\u00e3o. O Minist\u00e9rio do Trabalho ir\u00e1 emitir de carteira de trabalho; a Pol\u00edcia Civil far\u00e1 boletins de ocorr\u00eancia; o Decon realizar\u00e1 atendimentos para den\u00fancias e o CIEE vai tirar d\u00favidas sobre est\u00e1gio.<\/span><\/p>\n<p><span style=\"font-weight: 400;\">Alunos e professores far\u00e3o consultorias jur\u00eddicas nas \u00e1reas c\u00edvel, fam\u00edlia, consumidor e trabalhista. O atendimento funcionar\u00e1 mediante senha que ser\u00e1 entregue no local. A programa\u00e7\u00e3o inclui massagem, esmalteria, engraxate, consulta de nutricionista e de fonoaudi\u00f3loga, em parceria com a Caixa de Assist\u00eancia dos Advogados do Cear\u00e1 &#8211; CAACE.<\/span><\/p>\n<p><span style=\"font-weight: 400;\">A programa\u00e7\u00e3o da XVI Semana do Direito continua nos dias 7, 8, 9 e 10 de novembro com uma grande variedade de debates, palestras, mesas redondas, oficinas e confer\u00eancias sobre temas atuais e relevantes como a reforma trabalhista, a liberdade art\u00edstica, o direitos de personalidade, orienta\u00e7\u00e3o sexual e transexualidade e ensino religioso.<\/span><\/p>\n","protected":false},"excerpt":{"rendered":"<p>A XVI Semana do Direito, que comemora os 15 anos do curso no Centro Universit\u00e1rio, tem in\u00edcio nesta ter\u00e7a-feira, dia 7 de novembro. O dia ser\u00e1 de oferta de servi\u00e7os gratuitos \u00e0 popula\u00e7\u00e3o. O Minist\u00e9rio do Trabalho ir\u00e1 emitir de carteira de trabalho; a Pol\u00edcia Civil far\u00e1 boletins de ocorr\u00eancia; o Decon realizar\u00e1 atendimentos para den\u00fancias e o CIEE vai tirar d\u00favidas sobre est\u00e1gio. Alunos e professores far\u00e3o consultorias jur\u00eddicas nas \u00e1reas c\u00edvel, fam\u00edlia, consumidor e trabalhista. O atendimento&hellip;<\/p>\n","protected":false},"author":1,"featured_media":0,"comment_status":"open","ping_status":"open","sticky":false,"template":"","format":"standard","meta":{"footnotes":""},"categories":[1],"tags":[],"class_list":["post-7204","post","type-post","status-publish","format-standard","hentry","category-noticias"],"_links":{"self":[{"href":"https:\/\/blogdorogeriogomes.com.br\/noticias\/wp-json\/wp\/v2\/posts\/7204","targetHints":{"allow":["GET"]}}],"collection":[{"href":"https:\/\/blogdorogeriogomes.com.br\/noticias\/wp-json\/wp\/v2\/posts"}],"about":[{"href":"https:\/\/blogdorogeriogomes.com.br\/noticias\/wp-json\/wp\/v2\/types\/post"}],"author":[{"embeddable":true,"href":"https:\/\/blogdorogeriogomes.com.br\/noticias\/wp-json\/wp\/v2\/users\/1"}],"replies":[{"embeddable":true,"href":"https:\/\/blogdorogeriogomes.com.br\/noticias\/wp-json\/wp\/v2\/comments?post=7204"}],"version-history":[{"count":1,"href":"https:\/\/blogdorogeriogomes.com.br\/noticias\/wp-json\/wp\/v2\/posts\/7204\/revisions"}],"predecessor-version":[{"id":7206,"href":"https:\/\/blogdorogeriogomes.com.br\/noticias\/wp-json\/wp\/v2\/posts\/7204\/revisions\/7206"}],"wp:attachment":[{"href":"https:\/\/blogdorogeriogomes.com.br\/noticias\/wp-json\/wp\/v2\/media?parent=7204"}],"wp:term":[{"taxonomy":"category","embeddable":true,"href":"https:\/\/blogdorogeriogomes.com.br\/noticias\/wp-json\/wp\/v2\/categories?post=7204"},{"taxonomy":"post_tag","embeddable":true,"href":"https:\/\/blogdorogeriogomes.com.br\/noticias\/wp-json\/wp\/v2\/tags?post=7204"}],"curies":[{"name":"wp","href":"https:\/\/api.w.org\/{rel}","templated":true}]}}