{"id":7214,"date":"2017-11-07T09:22:30","date_gmt":"2017-11-07T09:22:30","guid":{"rendered":"http:\/\/blogdorogeriogomes.com.br\/?p=7214"},"modified":"2017-11-07T09:22:30","modified_gmt":"2017-11-07T09:22:30","slug":"al-homenageia-os-45-anos-do-sebrae-em-sessao-solene-nesta-terca-feira","status":"publish","type":"post","link":"https:\/\/blogdorogeriogomes.com.br\/noticias\/2017\/11\/al-homenageia-os-45-anos-do-sebrae-em-sessao-solene-nesta-terca-feira\/","title":{"rendered":"AL homenageia os 45 anos do Sebrae em sess\u00e3o solene nesta ter\u00e7a-feira"},"content":{"rendered":"<p><span style=\"font-weight: 400;\"><img loading=\"lazy\" decoding=\"async\" class=\"alignnone size-medium wp-image-7215\" src=\"http:\/\/blogdorogeriogomes.com.br\/wp-content\/uploads\/2017\/11\/images-5-300x200.jpg\" alt=\"images (5)\" width=\"300\" height=\"200\" srcset=\"https:\/\/blogdorogeriogomes.com.br\/noticias\/wp-content\/uploads\/2017\/11\/images-5-300x200.jpg 300w, https:\/\/blogdorogeriogomes.com.br\/noticias\/wp-content\/uploads\/2017\/11\/images-5.jpg 470w\" sizes=\"auto, (max-width: 300px) 100vw, 300px\" \/><\/span><span style=\"font-weight: 400;\">A Assembleia Legislativa realiza nesta ter\u00e7a-feira, dia 7 de \u00a0novembro, uma sess\u00e3o solene em homenagem aos 45 anos do Servi\u00e7o de Apoio \u00e0s Micro e Pequenas Empresas (Sebrae) requerida pelo deputado estadual Carlos Matos.<\/span><\/p>\n<p><span style=\"font-weight: 400;\">O parlamentar do PSDB destaca que as micro e pequenas empresas representam 98,5% do total de empreendedores do Brasil, contribuindo com a gera\u00e7\u00e3o de mais da metade dos empregos no Per\u00edodo.<\/span><span style=\"font-weight: 400;\"><br \/>\n<\/span><span style=\"font-weight: 400;\">O Sebrae, desde o ano de 1972, presta aux\u00edlio \u00e0queles que t\u00eam inten\u00e7\u00e3o de abrir uma empresa, at\u00e9 o crescimento da mesma, chegando a um neg\u00f3cio de m\u00e9dio porte. <\/span><\/p>\n","protected":false},"excerpt":{"rendered":"<p>A Assembleia Legislativa realiza nesta ter\u00e7a-feira, dia 7 de \u00a0novembro, uma sess\u00e3o solene em homenagem aos 45 anos do Servi\u00e7o de Apoio \u00e0s Micro e Pequenas Empresas (Sebrae) requerida pelo deputado estadual Carlos Matos. O parlamentar do PSDB destaca que as micro e pequenas empresas representam 98,5% do total de empreendedores do Brasil, contribuindo com a gera\u00e7\u00e3o de mais da metade dos empregos no Per\u00edodo. O Sebrae, desde o ano de 1972, presta aux\u00edlio \u00e0queles que t\u00eam inten\u00e7\u00e3o de&hellip;<\/p>\n","protected":false},"author":1,"featured_media":0,"comment_status":"open","ping_status":"open","sticky":false,"template":"","format":"standard","meta":{"footnotes":""},"categories":[1],"tags":[],"class_list":["post-7214","post","type-post","status-publish","format-standard","hentry","category-noticias"],"_links":{"self":[{"href":"https:\/\/blogdorogeriogomes.com.br\/noticias\/wp-json\/wp\/v2\/posts\/7214","targetHints":{"allow":["GET"]}}],"collection":[{"href":"https:\/\/blogdorogeriogomes.com.br\/noticias\/wp-json\/wp\/v2\/posts"}],"about":[{"href":"https:\/\/blogdorogeriogomes.com.br\/noticias\/wp-json\/wp\/v2\/types\/post"}],"author":[{"embeddable":true,"href":"https:\/\/blogdorogeriogomes.com.br\/noticias\/wp-json\/wp\/v2\/users\/1"}],"replies":[{"embeddable":true,"href":"https:\/\/blogdorogeriogomes.com.br\/noticias\/wp-json\/wp\/v2\/comments?post=7214"}],"version-history":[{"count":1,"href":"https:\/\/blogdorogeriogomes.com.br\/noticias\/wp-json\/wp\/v2\/posts\/7214\/revisions"}],"predecessor-version":[{"id":7216,"href":"https:\/\/blogdorogeriogomes.com.br\/noticias\/wp-json\/wp\/v2\/posts\/7214\/revisions\/7216"}],"wp:attachment":[{"href":"https:\/\/blogdorogeriogomes.com.br\/noticias\/wp-json\/wp\/v2\/media?parent=7214"}],"wp:term":[{"taxonomy":"category","embeddable":true,"href":"https:\/\/blogdorogeriogomes.com.br\/noticias\/wp-json\/wp\/v2\/categories?post=7214"},{"taxonomy":"post_tag","embeddable":true,"href":"https:\/\/blogdorogeriogomes.com.br\/noticias\/wp-json\/wp\/v2\/tags?post=7214"}],"curies":[{"name":"wp","href":"https:\/\/api.w.org\/{rel}","templated":true}]}}