{"id":7221,"date":"2017-11-07T20:19:27","date_gmt":"2017-11-07T20:19:27","guid":{"rendered":"http:\/\/blogdorogeriogomes.com.br\/?p=7221"},"modified":"2017-11-07T20:19:27","modified_gmt":"2017-11-07T20:19:27","slug":"municipios-cearenses-vao-ganhar-monitoramento-com-cameras-de-vigilancia","status":"publish","type":"post","link":"https:\/\/blogdorogeriogomes.com.br\/noticias\/2017\/11\/municipios-cearenses-vao-ganhar-monitoramento-com-cameras-de-vigilancia\/","title":{"rendered":"Munic\u00edpios cearenses v\u00e3o ganhar monitoramento com c\u00e2meras de vigil\u00e2ncia"},"content":{"rendered":"<p><img loading=\"lazy\" decoding=\"async\" class=\"alignnone size-medium wp-image-7222\" src=\"http:\/\/blogdorogeriogomes.com.br\/wp-content\/uploads\/2017\/11\/images-7-300x200.jpg\" alt=\"images (7)\" width=\"300\" height=\"200\" srcset=\"https:\/\/blogdorogeriogomes.com.br\/noticias\/wp-content\/uploads\/2017\/11\/images-7-300x200.jpg 300w, https:\/\/blogdorogeriogomes.com.br\/noticias\/wp-content\/uploads\/2017\/11\/images-7.jpg 449w\" sizes=\"auto, (max-width: 300px) 100vw, 300px\" \/><\/p>\n<p><span style=\"font-weight: 400;\">O Governo Estadual entra em uma escalada para enfrentar a viol\u00eancia. A mais nova a\u00e7\u00e3o prevista \u00e9 a instala\u00e7\u00e3o de c\u00e2meras de vigil\u00e2ncia em cidades do interior do Cear\u00e1. O governador Camilo Santana confirmou que vai instalar 624 c\u00e2meras de monitoramento em 38 munic\u00edpios cearenses.<\/span><\/p>\n<p><span style=\"font-weight: 400;\">V\u00e3o receber os equipamentos as cidades de Acara\u00fa, Acopiara, Aquiraz, Aracati, Barbalha,Baturit\u00e9, Beberibe, Boa Viagem, Camocim, Canind\u00e9, Caucaia, Cascavel, Crate\u00fas, Crato,<\/span><span style=\"font-weight: 400;\"><br \/>\n<\/span><span style=\"font-weight: 400;\">Eus\u00e9bio, Fortaleza, Granja, Horizonte, Ic\u00f3, Iguatu, Itapaj\u00e9 Itapipoca, Juazeiro do Norte, Limoeiro do Norte, Maracana\u00fa, Maranguape, Morada Nova, Pacajus, Pacatuba, Quixad\u00e1,Quixeramobim, Russas, S\u00e3o Benedito, Sobral, Tau\u00e1, Tiangu\u00e1, Trairi e Vi\u00e7osa do Cear\u00e1.<\/span><span style=\"font-weight: 400;\"><br \/>\n<\/span><span style=\"font-weight: 400;\">O Governo ir\u00e1 contratar uma empresa que ser\u00e1 respons\u00e1vel pela implementa\u00e7\u00e3o e manuten\u00e7\u00e3o das c\u00e2meras. O investimento \u00e9 de R$ 19 milh\u00f5es no programa. Todos os munic\u00edpios que ser\u00e3o contemplados possuem popula\u00e7\u00e3o acima de 50 mil habitantes e tamb\u00e9m ir\u00e3o receber refor\u00e7o do BRaio.<\/span><\/p>\n","protected":false},"excerpt":{"rendered":"<p>O Governo Estadual entra em uma escalada para enfrentar a viol\u00eancia. A mais nova a\u00e7\u00e3o prevista \u00e9 a instala\u00e7\u00e3o de c\u00e2meras de vigil\u00e2ncia em cidades do interior do Cear\u00e1. O governador Camilo Santana confirmou que vai instalar 624 c\u00e2meras de monitoramento em 38 munic\u00edpios cearenses. V\u00e3o receber os equipamentos as cidades de Acara\u00fa, Acopiara, Aquiraz, Aracati, Barbalha,Baturit\u00e9, Beberibe, Boa Viagem, Camocim, Canind\u00e9, Caucaia, Cascavel, Crate\u00fas, Crato, Eus\u00e9bio, Fortaleza, Granja, Horizonte, Ic\u00f3, Iguatu, Itapaj\u00e9 Itapipoca, Juazeiro do Norte, Limoeiro do&hellip;<\/p>\n","protected":false},"author":1,"featured_media":0,"comment_status":"open","ping_status":"open","sticky":false,"template":"","format":"standard","meta":{"footnotes":""},"categories":[1],"tags":[],"class_list":["post-7221","post","type-post","status-publish","format-standard","hentry","category-noticias"],"_links":{"self":[{"href":"https:\/\/blogdorogeriogomes.com.br\/noticias\/wp-json\/wp\/v2\/posts\/7221","targetHints":{"allow":["GET"]}}],"collection":[{"href":"https:\/\/blogdorogeriogomes.com.br\/noticias\/wp-json\/wp\/v2\/posts"}],"about":[{"href":"https:\/\/blogdorogeriogomes.com.br\/noticias\/wp-json\/wp\/v2\/types\/post"}],"author":[{"embeddable":true,"href":"https:\/\/blogdorogeriogomes.com.br\/noticias\/wp-json\/wp\/v2\/users\/1"}],"replies":[{"embeddable":true,"href":"https:\/\/blogdorogeriogomes.com.br\/noticias\/wp-json\/wp\/v2\/comments?post=7221"}],"version-history":[{"count":1,"href":"https:\/\/blogdorogeriogomes.com.br\/noticias\/wp-json\/wp\/v2\/posts\/7221\/revisions"}],"predecessor-version":[{"id":7223,"href":"https:\/\/blogdorogeriogomes.com.br\/noticias\/wp-json\/wp\/v2\/posts\/7221\/revisions\/7223"}],"wp:attachment":[{"href":"https:\/\/blogdorogeriogomes.com.br\/noticias\/wp-json\/wp\/v2\/media?parent=7221"}],"wp:term":[{"taxonomy":"category","embeddable":true,"href":"https:\/\/blogdorogeriogomes.com.br\/noticias\/wp-json\/wp\/v2\/categories?post=7221"},{"taxonomy":"post_tag","embeddable":true,"href":"https:\/\/blogdorogeriogomes.com.br\/noticias\/wp-json\/wp\/v2\/tags?post=7221"}],"curies":[{"name":"wp","href":"https:\/\/api.w.org\/{rel}","templated":true}]}}