{"id":7230,"date":"2017-11-08T21:11:06","date_gmt":"2017-11-08T21:11:06","guid":{"rendered":"http:\/\/blogdorogeriogomes.com.br\/?p=7230"},"modified":"2017-11-08T21:11:06","modified_gmt":"2017-11-08T21:11:06","slug":"ceara-se-destaca-na-exportacao-de-coco-e-sedia-feira-nacional","status":"publish","type":"post","link":"https:\/\/blogdorogeriogomes.com.br\/noticias\/2017\/11\/ceara-se-destaca-na-exportacao-de-coco-e-sedia-feira-nacional\/","title":{"rendered":"Cear\u00e1 se destaca na exporta\u00e7\u00e3o de coco e sedia Feira Nacional"},"content":{"rendered":"<p><img loading=\"lazy\" decoding=\"async\" class=\"alignnone size-medium wp-image-7231\" src=\"http:\/\/blogdorogeriogomes.com.br\/wp-content\/uploads\/2017\/11\/images-1-300x185.jpeg\" alt=\"images (1)\" width=\"300\" height=\"185\" srcset=\"https:\/\/blogdorogeriogomes.com.br\/noticias\/wp-content\/uploads\/2017\/11\/images-1-300x185.jpeg 300w, https:\/\/blogdorogeriogomes.com.br\/noticias\/wp-content\/uploads\/2017\/11\/images-1.jpeg 489w\" sizes=\"auto, (max-width: 300px) 100vw, 300px\" \/><\/p>\n<p><span style=\"font-weight: 400;\">Fortaleza sedia at\u00e9 sexta-feira, dia 10 de novembro, a Feira Nacional de Coco. O Cear\u00e1 \u00e9 um dos grandes p\u00f3los produtores irrigados do Pa\u00eds. A feira \u00e9 uma oportunidade de apresentar os produtos derivados do coco.<\/span><\/p>\n<p><span style=\"font-weight: 400;\">Em Fortaleza, a Praia do Futuro \u00e9 um dos principais p\u00f3los consumidores de \u00e1gua de coco na Capital. \u201cS\u00f3 na minha barraca s\u00e3o comercializados cerca cinco mil cocos por m\u00eas. O consumo \u00e9 bem superior em toda a orla da Praia Futuro se for levado em conta as outras barracas e a venda que \u00e9 feita na areia por ambulantes\u201d, diz Ivan Assun\u00e7\u00e3o, vice-presidente da Abrasel-CE.<\/span><\/p>\n<p><span style=\"font-weight: 400;\">A venda de cocos no litoral do Cear\u00e1 est\u00e1 em alta, como tamb\u00e9m o mercado produtor. O Estado s\u00f3 perde em n\u00fameros para a Bahia. E as perspectivas de crescimento no setor est\u00e3o em discuss\u00e3o aqui em Fortaleza at\u00e9 sexta-feira em mais uma edi\u00e7\u00e3o da Feira Nacional do Coco, no Marina Park Hotel. A feira \u00e9 realizada a cada dois anos.<\/span><\/p>\n<p><span style=\"font-weight: 400;\"> No Cear\u00e1 s\u00e3o cerca de 50 mil hectares de planta\u00e7\u00e3o. Uma produ\u00e7\u00e3o anual de 14 milh\u00f5es de coco. Os munic\u00edpios de Paraipaba, Trairi e Pentecoste, al\u00e9m da regi\u00e3o do Baixo Acara\u00fa s\u00e3o as principais zonas produtoras no Estado. \u201cO setor gera hoje em torno de 100 mil empregos s\u00f3 no Cear\u00e1. O mercado est\u00e1 em plena expans\u00e3o\u201d, destaca Bezerra de Menezes, presidente do Instituto Ecoco do Brasil.<\/span><\/p>\n","protected":false},"excerpt":{"rendered":"<p>Fortaleza sedia at\u00e9 sexta-feira, dia 10 de novembro, a Feira Nacional de Coco. O Cear\u00e1 \u00e9 um dos grandes p\u00f3los produtores irrigados do Pa\u00eds. A feira \u00e9 uma oportunidade de apresentar os produtos derivados do coco. Em Fortaleza, a Praia do Futuro \u00e9 um dos principais p\u00f3los consumidores de \u00e1gua de coco na Capital. \u201cS\u00f3 na minha barraca s\u00e3o comercializados cerca cinco mil cocos por m\u00eas. O consumo \u00e9 bem superior em toda a orla da Praia Futuro se&hellip;<\/p>\n","protected":false},"author":1,"featured_media":0,"comment_status":"open","ping_status":"open","sticky":false,"template":"","format":"standard","meta":{"footnotes":""},"categories":[1],"tags":[],"class_list":["post-7230","post","type-post","status-publish","format-standard","hentry","category-noticias"],"_links":{"self":[{"href":"https:\/\/blogdorogeriogomes.com.br\/noticias\/wp-json\/wp\/v2\/posts\/7230","targetHints":{"allow":["GET"]}}],"collection":[{"href":"https:\/\/blogdorogeriogomes.com.br\/noticias\/wp-json\/wp\/v2\/posts"}],"about":[{"href":"https:\/\/blogdorogeriogomes.com.br\/noticias\/wp-json\/wp\/v2\/types\/post"}],"author":[{"embeddable":true,"href":"https:\/\/blogdorogeriogomes.com.br\/noticias\/wp-json\/wp\/v2\/users\/1"}],"replies":[{"embeddable":true,"href":"https:\/\/blogdorogeriogomes.com.br\/noticias\/wp-json\/wp\/v2\/comments?post=7230"}],"version-history":[{"count":1,"href":"https:\/\/blogdorogeriogomes.com.br\/noticias\/wp-json\/wp\/v2\/posts\/7230\/revisions"}],"predecessor-version":[{"id":7232,"href":"https:\/\/blogdorogeriogomes.com.br\/noticias\/wp-json\/wp\/v2\/posts\/7230\/revisions\/7232"}],"wp:attachment":[{"href":"https:\/\/blogdorogeriogomes.com.br\/noticias\/wp-json\/wp\/v2\/media?parent=7230"}],"wp:term":[{"taxonomy":"category","embeddable":true,"href":"https:\/\/blogdorogeriogomes.com.br\/noticias\/wp-json\/wp\/v2\/categories?post=7230"},{"taxonomy":"post_tag","embeddable":true,"href":"https:\/\/blogdorogeriogomes.com.br\/noticias\/wp-json\/wp\/v2\/tags?post=7230"}],"curies":[{"name":"wp","href":"https:\/\/api.w.org\/{rel}","templated":true}]}}