{"id":7236,"date":"2017-11-08T21:42:48","date_gmt":"2017-11-08T21:42:48","guid":{"rendered":"http:\/\/blogdorogeriogomes.com.br\/?p=7236"},"modified":"2017-11-08T21:42:48","modified_gmt":"2017-11-08T21:42:48","slug":"senado-aprova-novas-regras-para-o-fies-a-partir-de-2018","status":"publish","type":"post","link":"https:\/\/blogdorogeriogomes.com.br\/noticias\/2017\/11\/senado-aprova-novas-regras-para-o-fies-a-partir-de-2018\/","title":{"rendered":"Senado aprova novas regras para o Fies a partir de 2018"},"content":{"rendered":"<p><img loading=\"lazy\" decoding=\"async\" class=\"alignnone size-medium wp-image-7237\" src=\"http:\/\/blogdorogeriogomes.com.br\/wp-content\/uploads\/2017\/11\/images-3-300x147.jpeg\" alt=\"images (3)\" width=\"300\" height=\"147\" srcset=\"https:\/\/blogdorogeriogomes.com.br\/noticias\/wp-content\/uploads\/2017\/11\/images-3-300x147.jpeg 300w, https:\/\/blogdorogeriogomes.com.br\/noticias\/wp-content\/uploads\/2017\/11\/images-3.jpeg 470w\" sizes=\"auto, (max-width: 300px) 100vw, 300px\" \/><\/p>\n<p><span style=\"font-weight: 400;\">Come\u00e7am a valer a partir do pr\u00f3ximo ano novas regras para a concess\u00e3o do Fundo de Financiamento Estudantil (Fies), programa de cr\u00e9dito para os estudantes de cursos superiores. O Senado aprovou mudan\u00e7as que, ap\u00f3s sancionadas pelo presidente Michel Temer, passam a vigorar para os contratos fechados a partir de 2018.<\/span><\/p>\n<p><span style=\"font-weight: 400;\">Entre as mudan\u00e7as est\u00e1 a de que os financiamentos concedidos ter\u00e3o taxa de juros real igual a zero. Hoje, a taxa \u00e9 de 6,5% ao ano.<\/span><span style=\"font-weight: 400;\"><br \/>\n<\/span><span style=\"font-weight: 400;\">Outra mudan\u00e7a \u00e9 a que acaba com a car\u00eancia de 18 meses ap\u00f3s o t\u00e9rmino do curso para o estudante come\u00e7ar a pagar as parcelas do financiamento. Agora, ele come\u00e7ar\u00e1 a pagar assim que se formar, mas a parcela ser\u00e1 proporcional a sua renda e ao valor do curso.<\/span><\/p>\n","protected":false},"excerpt":{"rendered":"<p>Come\u00e7am a valer a partir do pr\u00f3ximo ano novas regras para a concess\u00e3o do Fundo de Financiamento Estudantil (Fies), programa de cr\u00e9dito para os estudantes de cursos superiores. O Senado aprovou mudan\u00e7as que, ap\u00f3s sancionadas pelo presidente Michel Temer, passam a vigorar para os contratos fechados a partir de 2018. Entre as mudan\u00e7as est\u00e1 a de que os financiamentos concedidos ter\u00e3o taxa de juros real igual a zero. Hoje, a taxa \u00e9 de 6,5% ao ano. Outra mudan\u00e7a \u00e9&hellip;<\/p>\n","protected":false},"author":1,"featured_media":0,"comment_status":"open","ping_status":"open","sticky":false,"template":"","format":"standard","meta":{"footnotes":""},"categories":[1],"tags":[],"class_list":["post-7236","post","type-post","status-publish","format-standard","hentry","category-noticias"],"_links":{"self":[{"href":"https:\/\/blogdorogeriogomes.com.br\/noticias\/wp-json\/wp\/v2\/posts\/7236","targetHints":{"allow":["GET"]}}],"collection":[{"href":"https:\/\/blogdorogeriogomes.com.br\/noticias\/wp-json\/wp\/v2\/posts"}],"about":[{"href":"https:\/\/blogdorogeriogomes.com.br\/noticias\/wp-json\/wp\/v2\/types\/post"}],"author":[{"embeddable":true,"href":"https:\/\/blogdorogeriogomes.com.br\/noticias\/wp-json\/wp\/v2\/users\/1"}],"replies":[{"embeddable":true,"href":"https:\/\/blogdorogeriogomes.com.br\/noticias\/wp-json\/wp\/v2\/comments?post=7236"}],"version-history":[{"count":1,"href":"https:\/\/blogdorogeriogomes.com.br\/noticias\/wp-json\/wp\/v2\/posts\/7236\/revisions"}],"predecessor-version":[{"id":7238,"href":"https:\/\/blogdorogeriogomes.com.br\/noticias\/wp-json\/wp\/v2\/posts\/7236\/revisions\/7238"}],"wp:attachment":[{"href":"https:\/\/blogdorogeriogomes.com.br\/noticias\/wp-json\/wp\/v2\/media?parent=7236"}],"wp:term":[{"taxonomy":"category","embeddable":true,"href":"https:\/\/blogdorogeriogomes.com.br\/noticias\/wp-json\/wp\/v2\/categories?post=7236"},{"taxonomy":"post_tag","embeddable":true,"href":"https:\/\/blogdorogeriogomes.com.br\/noticias\/wp-json\/wp\/v2\/tags?post=7236"}],"curies":[{"name":"wp","href":"https:\/\/api.w.org\/{rel}","templated":true}]}}