{"id":7239,"date":"2017-11-09T09:00:16","date_gmt":"2017-11-09T09:00:16","guid":{"rendered":"http:\/\/blogdorogeriogomes.com.br\/?p=7239"},"modified":"2017-11-09T09:00:16","modified_gmt":"2017-11-09T09:00:16","slug":"professores-da-rede-estadual-vao-receber-cerca-de-r-14-milhoes-de-promocao-e-gratificacao","status":"publish","type":"post","link":"https:\/\/blogdorogeriogomes.com.br\/noticias\/2017\/11\/professores-da-rede-estadual-vao-receber-cerca-de-r-14-milhoes-de-promocao-e-gratificacao\/","title":{"rendered":"Professores da rede estadual v\u00e3o receber cerca de R$ 14 milh\u00f5es de promo\u00e7\u00e3o e gratifica\u00e7\u00e3o"},"content":{"rendered":"<p><img loading=\"lazy\" decoding=\"async\" class=\"alignnone size-medium wp-image-7240\" src=\"http:\/\/blogdorogeriogomes.com.br\/wp-content\/uploads\/2017\/11\/images-4-300x153.jpeg\" alt=\"images (4)\" width=\"300\" height=\"153\" srcset=\"https:\/\/blogdorogeriogomes.com.br\/noticias\/wp-content\/uploads\/2017\/11\/images-4-300x153.jpeg 300w, https:\/\/blogdorogeriogomes.com.br\/noticias\/wp-content\/uploads\/2017\/11\/images-4.jpeg 537w\" sizes=\"auto, (max-width: 300px) 100vw, 300px\" \/><\/p>\n<p><span style=\"font-weight: 400;\">Professores da rede estadual de ensino receberam uma boa not\u00edcia. Ter\u00e3o direito ao pagamento da Promo\u00e7\u00e3o Sem Titula\u00e7\u00e3o e da Gratifica\u00e7\u00e3o de Desempenho das Escolas Profissionais 2016 pelo Governo do Estado em torno de R$ 14 milh\u00f5es. \u201cS\u00e3o pagamentos que ser\u00e3o feitos em parcelas a partir deste m\u00eas de novembro at\u00e9 fevereiro de 2018\u201d, confirmou o governador Camilo Santana.<\/span><\/p>\n<p><span style=\"font-weight: 400;\">Ser\u00e3o beneficiados com a Promo\u00e7\u00e3o Sem Titula\u00e7\u00e3o 4.039 servidores. A implanta\u00e7\u00e3o da promo\u00e7\u00e3o no per\u00edodo de 1\u00ba de setembro de 2016 a 31 de agosto de 2017 e o retroativo aos meses de setembro a dezembro de 2016 ser\u00e3o pagos na folha de novembro.<\/span><span style=\"font-weight: 400;\"><br \/>\n<\/span><span style=\"font-weight: 400;\">J\u00e1 o retroativo no per\u00edodo de janeiro a outubro de 2017 ser\u00e1 pago em tr\u00eas parcelas, nos meses de dezembro, janeiro e fevereiro.<\/span><span style=\"font-weight: 400;\"><br \/>\n<\/span><span style=\"font-weight: 400;\">A Gratifica\u00e7\u00e3o de Desempenho das Escolas Profissionais 2016 ser\u00e1 paga em tr\u00eas parcelas, durante os meses de dezembro, janeiro e fevereiro, beneficiando 2.889 professores de 102 Escolas Estaduais de Educa\u00e7\u00e3o Profissional.<\/span><span style=\"font-weight: 400;\"><br \/>\n<\/span><\/p>\n","protected":false},"excerpt":{"rendered":"<p>Professores da rede estadual de ensino receberam uma boa not\u00edcia. Ter\u00e3o direito ao pagamento da Promo\u00e7\u00e3o Sem Titula\u00e7\u00e3o e da Gratifica\u00e7\u00e3o de Desempenho das Escolas Profissionais 2016 pelo Governo do Estado em torno de R$ 14 milh\u00f5es. \u201cS\u00e3o pagamentos que ser\u00e3o feitos em parcelas a partir deste m\u00eas de novembro at\u00e9 fevereiro de 2018\u201d, confirmou o governador Camilo Santana. Ser\u00e3o beneficiados com a Promo\u00e7\u00e3o Sem Titula\u00e7\u00e3o 4.039 servidores. A implanta\u00e7\u00e3o da promo\u00e7\u00e3o no per\u00edodo de 1\u00ba de setembro de&hellip;<\/p>\n","protected":false},"author":1,"featured_media":0,"comment_status":"open","ping_status":"open","sticky":false,"template":"","format":"standard","meta":{"footnotes":""},"categories":[1],"tags":[],"class_list":["post-7239","post","type-post","status-publish","format-standard","hentry","category-noticias"],"_links":{"self":[{"href":"https:\/\/blogdorogeriogomes.com.br\/noticias\/wp-json\/wp\/v2\/posts\/7239","targetHints":{"allow":["GET"]}}],"collection":[{"href":"https:\/\/blogdorogeriogomes.com.br\/noticias\/wp-json\/wp\/v2\/posts"}],"about":[{"href":"https:\/\/blogdorogeriogomes.com.br\/noticias\/wp-json\/wp\/v2\/types\/post"}],"author":[{"embeddable":true,"href":"https:\/\/blogdorogeriogomes.com.br\/noticias\/wp-json\/wp\/v2\/users\/1"}],"replies":[{"embeddable":true,"href":"https:\/\/blogdorogeriogomes.com.br\/noticias\/wp-json\/wp\/v2\/comments?post=7239"}],"version-history":[{"count":1,"href":"https:\/\/blogdorogeriogomes.com.br\/noticias\/wp-json\/wp\/v2\/posts\/7239\/revisions"}],"predecessor-version":[{"id":7241,"href":"https:\/\/blogdorogeriogomes.com.br\/noticias\/wp-json\/wp\/v2\/posts\/7239\/revisions\/7241"}],"wp:attachment":[{"href":"https:\/\/blogdorogeriogomes.com.br\/noticias\/wp-json\/wp\/v2\/media?parent=7239"}],"wp:term":[{"taxonomy":"category","embeddable":true,"href":"https:\/\/blogdorogeriogomes.com.br\/noticias\/wp-json\/wp\/v2\/categories?post=7239"},{"taxonomy":"post_tag","embeddable":true,"href":"https:\/\/blogdorogeriogomes.com.br\/noticias\/wp-json\/wp\/v2\/tags?post=7239"}],"curies":[{"name":"wp","href":"https:\/\/api.w.org\/{rel}","templated":true}]}}