{"id":7245,"date":"2017-11-09T19:56:37","date_gmt":"2017-11-09T19:56:37","guid":{"rendered":"http:\/\/blogdorogeriogomes.com.br\/?p=7245"},"modified":"2017-11-09T19:56:37","modified_gmt":"2017-11-09T19:56:37","slug":"aecio-neves-afasta-tasso-da-interinidade-da-presidencia-do-psdb-clima-azedou-de-vez","status":"publish","type":"post","link":"https:\/\/blogdorogeriogomes.com.br\/noticias\/2017\/11\/aecio-neves-afasta-tasso-da-interinidade-da-presidencia-do-psdb-clima-azedou-de-vez\/","title":{"rendered":"A\u00e9cio Neves afasta Tasso da interinidade da presid\u00eancia do PSDB. Clima azedou de vez"},"content":{"rendered":"<p><img loading=\"lazy\" decoding=\"async\" class=\"alignnone size-medium wp-image-7246\" src=\"http:\/\/blogdorogeriogomes.com.br\/wp-content\/uploads\/2017\/11\/images-5-300x182.jpeg\" alt=\"images (5)\" width=\"300\" height=\"182\" srcset=\"https:\/\/blogdorogeriogomes.com.br\/noticias\/wp-content\/uploads\/2017\/11\/images-5-300x182.jpeg 300w, https:\/\/blogdorogeriogomes.com.br\/noticias\/wp-content\/uploads\/2017\/11\/images-5.jpeg 380w\" sizes=\"auto, (max-width: 300px) 100vw, 300px\" \/><\/p>\n<p><span style=\"font-weight: 400;\">O clima pol\u00edtico dentro do PSDB nacional azedou de vez. Depois de declarar que \u00e9 candidato \u00e0 presid\u00eancia do partido, o senador Tasso Jereissati foi destitu\u00eddo da interinidade da presid\u00eancia pelo senador A\u00e9cio Neves. A press\u00e3o parte dos ministros tucanos que n\u00e3o querem deixar o Governo Temer. O Pal\u00e1cio do Planalto nega interfer\u00eancia, mas participa diretamente das decis\u00f5es.<\/span><\/p>\n<p><span style=\"font-weight: 400;\">No lugar de Tasso, A\u00e9cio apontou o ex-governador de S\u00e3o Paulo, Alberto Goldman, \u00a0para ocupar a presid\u00eancia interina do PSDB at\u00e9 9 de dezembro, quando est\u00e1 marcada a Conven\u00e7\u00e3o Nacional do partido.<\/span><span style=\"font-weight: 400;\"><br \/>\n<\/span><span style=\"font-weight: 400;\">A comunica\u00e7\u00e3o de que n\u00e3o seria mais presidente do partido n\u00e3o teria sido das mais amistosas entre A\u00e9cio Neves e Tasso Jereissati. E a rea\u00e7\u00e3o de parlamentares no Congresso Nacional foi extremamente desfavor\u00e1vel ao senador mineiro, que esteve afastado do Senado por den\u00fancia de receber propina.<\/span><span style=\"font-weight: 400;\"><br \/>\n<\/span><span style=\"font-weight: 400;\">O certo \u00e9 que a destitui\u00e7\u00e3o de Tasso do comando nacional aumenta a crise interna do PSDB e deve gerar ainda mais press\u00e3o pela sa\u00edda do Governo, o que j\u00e1 \u00e9 admitida pelo pr\u00f3prio Michel Temer.<\/span><\/p>\n","protected":false},"excerpt":{"rendered":"<p>O clima pol\u00edtico dentro do PSDB nacional azedou de vez. Depois de declarar que \u00e9 candidato \u00e0 presid\u00eancia do partido, o senador Tasso Jereissati foi destitu\u00eddo da interinidade da presid\u00eancia pelo senador A\u00e9cio Neves. A press\u00e3o parte dos ministros tucanos que n\u00e3o querem deixar o Governo Temer. O Pal\u00e1cio do Planalto nega interfer\u00eancia, mas participa diretamente das decis\u00f5es. No lugar de Tasso, A\u00e9cio apontou o ex-governador de S\u00e3o Paulo, Alberto Goldman, \u00a0para ocupar a presid\u00eancia interina do PSDB at\u00e9&hellip;<\/p>\n","protected":false},"author":1,"featured_media":0,"comment_status":"open","ping_status":"open","sticky":false,"template":"","format":"standard","meta":{"footnotes":""},"categories":[1],"tags":[],"class_list":["post-7245","post","type-post","status-publish","format-standard","hentry","category-noticias"],"_links":{"self":[{"href":"https:\/\/blogdorogeriogomes.com.br\/noticias\/wp-json\/wp\/v2\/posts\/7245","targetHints":{"allow":["GET"]}}],"collection":[{"href":"https:\/\/blogdorogeriogomes.com.br\/noticias\/wp-json\/wp\/v2\/posts"}],"about":[{"href":"https:\/\/blogdorogeriogomes.com.br\/noticias\/wp-json\/wp\/v2\/types\/post"}],"author":[{"embeddable":true,"href":"https:\/\/blogdorogeriogomes.com.br\/noticias\/wp-json\/wp\/v2\/users\/1"}],"replies":[{"embeddable":true,"href":"https:\/\/blogdorogeriogomes.com.br\/noticias\/wp-json\/wp\/v2\/comments?post=7245"}],"version-history":[{"count":1,"href":"https:\/\/blogdorogeriogomes.com.br\/noticias\/wp-json\/wp\/v2\/posts\/7245\/revisions"}],"predecessor-version":[{"id":7247,"href":"https:\/\/blogdorogeriogomes.com.br\/noticias\/wp-json\/wp\/v2\/posts\/7245\/revisions\/7247"}],"wp:attachment":[{"href":"https:\/\/blogdorogeriogomes.com.br\/noticias\/wp-json\/wp\/v2\/media?parent=7245"}],"wp:term":[{"taxonomy":"category","embeddable":true,"href":"https:\/\/blogdorogeriogomes.com.br\/noticias\/wp-json\/wp\/v2\/categories?post=7245"},{"taxonomy":"post_tag","embeddable":true,"href":"https:\/\/blogdorogeriogomes.com.br\/noticias\/wp-json\/wp\/v2\/tags?post=7245"}],"curies":[{"name":"wp","href":"https:\/\/api.w.org\/{rel}","templated":true}]}}