{"id":7249,"date":"2017-11-10T01:39:30","date_gmt":"2017-11-10T01:39:30","guid":{"rendered":"http:\/\/blogdorogeriogomes.com.br\/?p=7249"},"modified":"2017-11-10T01:39:30","modified_gmt":"2017-11-10T01:39:30","slug":"prefeito-roberto-claudio-quer-realizar-reveillon-historico-e-com-investimento-publico-zero","status":"publish","type":"post","link":"https:\/\/blogdorogeriogomes.com.br\/noticias\/2017\/11\/prefeito-roberto-claudio-quer-realizar-reveillon-historico-e-com-investimento-publico-zero\/","title":{"rendered":"Prefeito Roberto Cl\u00e1udio quer realizar R\u00e9veillon hist\u00f3rico e com investimento p\u00fablico zero"},"content":{"rendered":"<p><img loading=\"lazy\" decoding=\"async\" class=\"alignnone size-medium wp-image-7250\" src=\"http:\/\/blogdorogeriogomes.com.br\/wp-content\/uploads\/2017\/11\/download-1-300x166.jpeg\" alt=\"download (1)\" width=\"300\" height=\"166\" srcset=\"https:\/\/blogdorogeriogomes.com.br\/noticias\/wp-content\/uploads\/2017\/11\/download-1-300x166.jpeg 300w, https:\/\/blogdorogeriogomes.com.br\/noticias\/wp-content\/uploads\/2017\/11\/download-1.jpeg 301w\" sizes=\"auto, (max-width: 300px) 100vw, 300px\" \/><\/p>\n<p><span style=\"font-weight: 400;\">A Prefeitura de Fortaleza divulgou as atra\u00e7\u00f5es da festa de R\u00e9veillon no Aterro da Praia de Iracema. S\u00e3o esperados mais de 1 milh\u00e3o de pessoas na festa de virada do ano, que promete ser uma das maiores do Pa\u00eds.<\/span><\/p>\n<p><span style=\"font-weight: 400;\">A festa vai reunir artistas locais e nacionais em shows gratuitos no Aterro da Praia de Iracema. As atra\u00e7\u00f5es principais deste ano s\u00e3o Avi\u00f5es do Forr\u00f3, Wesley Safad\u00e3o, Luan Santana, Capital Inicial e Simone e Simaria. <\/span><\/p>\n<p><span style=\"font-weight: 400;\">Outra novidade no R\u00e9veillon da Capital ser\u00e1 a capta\u00e7\u00e3o de recursos para a festa que ser\u00e1 feita por uma empresa privada. A ideia do prefeito Roberto Cl\u00e1udio \u00e9 reduzir o investimento p\u00fablico a zero.<\/span><\/p>\n<p><span style=\"font-weight: 400;\">O prefeito Roberto Cl\u00e1udio ainda anunciou uma a\u00e7\u00e3o social no R\u00e9veillon de Fortaleza que ir\u00e1 arrecadar recursos para a constru\u00e7\u00e3o de um hospital para crian\u00e7as com c\u00e2ncer da Associa\u00e7\u00e3o Peter Pan.<\/span><\/p>\n","protected":false},"excerpt":{"rendered":"<p>A Prefeitura de Fortaleza divulgou as atra\u00e7\u00f5es da festa de R\u00e9veillon no Aterro da Praia de Iracema. S\u00e3o esperados mais de 1 milh\u00e3o de pessoas na festa de virada do ano, que promete ser uma das maiores do Pa\u00eds. A festa vai reunir artistas locais e nacionais em shows gratuitos no Aterro da Praia de Iracema. As atra\u00e7\u00f5es principais deste ano s\u00e3o Avi\u00f5es do Forr\u00f3, Wesley Safad\u00e3o, Luan Santana, Capital Inicial e Simone e Simaria. Outra novidade no R\u00e9veillon&hellip;<\/p>\n","protected":false},"author":1,"featured_media":0,"comment_status":"open","ping_status":"open","sticky":false,"template":"","format":"standard","meta":{"footnotes":""},"categories":[1],"tags":[],"class_list":["post-7249","post","type-post","status-publish","format-standard","hentry","category-noticias"],"_links":{"self":[{"href":"https:\/\/blogdorogeriogomes.com.br\/noticias\/wp-json\/wp\/v2\/posts\/7249","targetHints":{"allow":["GET"]}}],"collection":[{"href":"https:\/\/blogdorogeriogomes.com.br\/noticias\/wp-json\/wp\/v2\/posts"}],"about":[{"href":"https:\/\/blogdorogeriogomes.com.br\/noticias\/wp-json\/wp\/v2\/types\/post"}],"author":[{"embeddable":true,"href":"https:\/\/blogdorogeriogomes.com.br\/noticias\/wp-json\/wp\/v2\/users\/1"}],"replies":[{"embeddable":true,"href":"https:\/\/blogdorogeriogomes.com.br\/noticias\/wp-json\/wp\/v2\/comments?post=7249"}],"version-history":[{"count":1,"href":"https:\/\/blogdorogeriogomes.com.br\/noticias\/wp-json\/wp\/v2\/posts\/7249\/revisions"}],"predecessor-version":[{"id":7251,"href":"https:\/\/blogdorogeriogomes.com.br\/noticias\/wp-json\/wp\/v2\/posts\/7249\/revisions\/7251"}],"wp:attachment":[{"href":"https:\/\/blogdorogeriogomes.com.br\/noticias\/wp-json\/wp\/v2\/media?parent=7249"}],"wp:term":[{"taxonomy":"category","embeddable":true,"href":"https:\/\/blogdorogeriogomes.com.br\/noticias\/wp-json\/wp\/v2\/categories?post=7249"},{"taxonomy":"post_tag","embeddable":true,"href":"https:\/\/blogdorogeriogomes.com.br\/noticias\/wp-json\/wp\/v2\/tags?post=7249"}],"curies":[{"name":"wp","href":"https:\/\/api.w.org\/{rel}","templated":true}]}}