{"id":7255,"date":"2017-11-10T10:03:40","date_gmt":"2017-11-10T10:03:40","guid":{"rendered":"http:\/\/blogdorogeriogomes.com.br\/?p=7255"},"modified":"2017-11-10T10:15:40","modified_gmt":"2017-11-10T10:15:40","slug":"reforma-trabalhista-comeca-a-valer-a-partir-deste-sabado","status":"publish","type":"post","link":"https:\/\/blogdorogeriogomes.com.br\/noticias\/2017\/11\/reforma-trabalhista-comeca-a-valer-a-partir-deste-sabado\/","title":{"rendered":"Reforma trabalhista come\u00e7a a valer a partir deste s\u00e1bado"},"content":{"rendered":"<p><img loading=\"lazy\" decoding=\"async\" class=\"alignnone size-medium wp-image-7260\" src=\"http:\/\/blogdorogeriogomes.com.br\/wp-content\/uploads\/2017\/11\/images-6-300x186.jpeg\" alt=\"images (6)\" width=\"300\" height=\"186\" srcset=\"https:\/\/blogdorogeriogomes.com.br\/noticias\/wp-content\/uploads\/2017\/11\/images-6-300x186.jpeg 300w, https:\/\/blogdorogeriogomes.com.br\/noticias\/wp-content\/uploads\/2017\/11\/images-6.jpeg 486w\" sizes=\"auto, (max-width: 300px) 100vw, 300px\" \/><\/p>\n<p><span style=\"font-weight: 400;\">A reforma trabalhista aprovada pelo Congresso Nacional come\u00e7a a valer efetivamente a partir deste s\u00e1bado, dia 11 de novembro. A reforma altera direitos e deveres de trabalhadores e empresas privadas.<\/span><span style=\"font-weight: 400;\"><br \/>\n<\/span><span style=\"font-weight: 400;\">Algumas das mudan\u00e7as afetam o dia a dia do trabalhador. A\u00ed v\u00e3o as principais altera\u00e7\u00f5es para que voc\u00ea fique atento: o acordo entre empresa e sindicato vale mais que a lei; as f\u00e9rias v\u00e3o poder ser divididas em at\u00e9 tr\u00eas per\u00edodos; o banco de horas poder\u00e1 ser feito por acordo individual; o tempo para almo\u00e7ar poder\u00e1 ser reduzido para 30 minutos; funcion\u00e1rios poder\u00e3o ser contratados sem hora fixa e ter sal\u00e1rio vari\u00e1vel; qualquer um vai poder trabalhar 12 horas seguidas e descansar 36 horas; gr\u00e1vidas e mulheres amamentando v\u00e3o poder trabalhar em lugares perigosos; a demiss\u00e3o pode por ser por acordo, e o trabalhador ganha menos FGTS; o trabalho de casa fica regulamentado e tem de constar do contrato; acaba o pagamento do imposto sindical anual; a terceiriza\u00e7\u00e3o j\u00e1 estava valendo desde mar\u00e7o, mas a reforma determina que o demitido s\u00f3 pode ser terceirizado para a mesma empresa 18 meses depois.<\/span><\/p>\n","protected":false},"excerpt":{"rendered":"<p>A reforma trabalhista aprovada pelo Congresso Nacional come\u00e7a a valer efetivamente a partir deste s\u00e1bado, dia 11 de novembro. A reforma altera direitos e deveres de trabalhadores e empresas privadas. Algumas das mudan\u00e7as afetam o dia a dia do trabalhador. A\u00ed v\u00e3o as principais altera\u00e7\u00f5es para que voc\u00ea fique atento: o acordo entre empresa e sindicato vale mais que a lei; as f\u00e9rias v\u00e3o poder ser divididas em at\u00e9 tr\u00eas per\u00edodos; o banco de horas poder\u00e1 ser feito por&hellip;<\/p>\n","protected":false},"author":1,"featured_media":0,"comment_status":"open","ping_status":"open","sticky":false,"template":"","format":"standard","meta":{"footnotes":""},"categories":[1],"tags":[],"class_list":["post-7255","post","type-post","status-publish","format-standard","hentry","category-noticias"],"_links":{"self":[{"href":"https:\/\/blogdorogeriogomes.com.br\/noticias\/wp-json\/wp\/v2\/posts\/7255","targetHints":{"allow":["GET"]}}],"collection":[{"href":"https:\/\/blogdorogeriogomes.com.br\/noticias\/wp-json\/wp\/v2\/posts"}],"about":[{"href":"https:\/\/blogdorogeriogomes.com.br\/noticias\/wp-json\/wp\/v2\/types\/post"}],"author":[{"embeddable":true,"href":"https:\/\/blogdorogeriogomes.com.br\/noticias\/wp-json\/wp\/v2\/users\/1"}],"replies":[{"embeddable":true,"href":"https:\/\/blogdorogeriogomes.com.br\/noticias\/wp-json\/wp\/v2\/comments?post=7255"}],"version-history":[{"count":3,"href":"https:\/\/blogdorogeriogomes.com.br\/noticias\/wp-json\/wp\/v2\/posts\/7255\/revisions"}],"predecessor-version":[{"id":7262,"href":"https:\/\/blogdorogeriogomes.com.br\/noticias\/wp-json\/wp\/v2\/posts\/7255\/revisions\/7262"}],"wp:attachment":[{"href":"https:\/\/blogdorogeriogomes.com.br\/noticias\/wp-json\/wp\/v2\/media?parent=7255"}],"wp:term":[{"taxonomy":"category","embeddable":true,"href":"https:\/\/blogdorogeriogomes.com.br\/noticias\/wp-json\/wp\/v2\/categories?post=7255"},{"taxonomy":"post_tag","embeddable":true,"href":"https:\/\/blogdorogeriogomes.com.br\/noticias\/wp-json\/wp\/v2\/tags?post=7255"}],"curies":[{"name":"wp","href":"https:\/\/api.w.org\/{rel}","templated":true}]}}