{"id":7269,"date":"2017-11-10T22:14:52","date_gmt":"2017-11-10T22:14:52","guid":{"rendered":"http:\/\/blogdorogeriogomes.com.br\/?p=7269"},"modified":"2017-11-10T22:14:52","modified_gmt":"2017-11-10T22:14:52","slug":"tasso-avalia-que-pode-sair-fortalecido-de-polemica-com-aecio","status":"publish","type":"post","link":"https:\/\/blogdorogeriogomes.com.br\/noticias\/2017\/11\/tasso-avalia-que-pode-sair-fortalecido-de-polemica-com-aecio\/","title":{"rendered":"Tasso avalia que pode sair fortalecido de pol\u00eamica com A\u00e9cio"},"content":{"rendered":"<p><img loading=\"lazy\" decoding=\"async\" class=\"alignnone size-medium wp-image-7270\" src=\"http:\/\/blogdorogeriogomes.com.br\/wp-content\/uploads\/2017\/11\/IMG-20171110-WA0052-300x169.jpg\" alt=\"IMG-20171110-WA0052\" width=\"300\" height=\"169\" srcset=\"https:\/\/blogdorogeriogomes.com.br\/noticias\/wp-content\/uploads\/2017\/11\/IMG-20171110-WA0052-300x169.jpg 300w, https:\/\/blogdorogeriogomes.com.br\/noticias\/wp-content\/uploads\/2017\/11\/IMG-20171110-WA0052-768x432.jpg 768w, https:\/\/blogdorogeriogomes.com.br\/noticias\/wp-content\/uploads\/2017\/11\/IMG-20171110-WA0052-1024x576.jpg 1024w, https:\/\/blogdorogeriogomes.com.br\/noticias\/wp-content\/uploads\/2017\/11\/IMG-20171110-WA0052.jpg 1280w\" sizes=\"auto, (max-width: 300px) 100vw, 300px\" \/><\/p>\n<p><span style=\"font-weight: 400;\">A Conven\u00e7\u00e3o Estadual do PSDB nesta sexta-feira, dia 10 de novembro, conduziu o ex-deputado estadual Francini Guedes como presidente estadual do partido no Cear\u00e1. Mas o foco do encontro estava para o senador Tasso Jereissati, destitu\u00eddo na quinta-feira da presid\u00eancia interina do PSDB por A\u00e9cio Neves.<\/span><\/p>\n<p><span style=\"font-weight: 400;\">Tasso Jereissati destacou que a postura de A\u00e9cio Neves \u00e9 de quem est\u00e1 alinhado aos interesses do presidente Michel Temer e que deseja \u201cdeixar tudo como est\u00e1&#8221;. Tasso ser\u00e1 candidato \u00e0 Presid\u00eancia Nacional do PSDB no pr\u00f3ximo dia 9 de dezembro. A pol\u00eamica pode fortalecer o senador cearense na briga interna do partido por votos na Conven\u00e7\u00e3o Nacional.<\/span><\/p>\n<p><span style=\"font-weight: 400;\">Para Tasso, cresce no ninho tucano o desejo de desembarque do Governo Temer. \u201cExiste o PSDB nosso, que teve uma grande revolu\u00e7\u00e3o aqui no Cear\u00e1, o PSDB de M\u00e1rio Covas e Fernando Henrique, que acabaram com a infla\u00e7\u00e3o e mudaram o Brasil, e existe o PSDB do momento, que ao longo dos anos perdeu o rumo\u201d, declarou o senador.<\/span><\/p>\n","protected":false},"excerpt":{"rendered":"<p>A Conven\u00e7\u00e3o Estadual do PSDB nesta sexta-feira, dia 10 de novembro, conduziu o ex-deputado estadual Francini Guedes como presidente estadual do partido no Cear\u00e1. Mas o foco do encontro estava para o senador Tasso Jereissati, destitu\u00eddo na quinta-feira da presid\u00eancia interina do PSDB por A\u00e9cio Neves. Tasso Jereissati destacou que a postura de A\u00e9cio Neves \u00e9 de quem est\u00e1 alinhado aos interesses do presidente Michel Temer e que deseja \u201cdeixar tudo como est\u00e1&#8221;. Tasso ser\u00e1 candidato \u00e0 Presid\u00eancia Nacional&hellip;<\/p>\n","protected":false},"author":1,"featured_media":0,"comment_status":"open","ping_status":"open","sticky":false,"template":"","format":"standard","meta":{"footnotes":""},"categories":[1],"tags":[],"class_list":["post-7269","post","type-post","status-publish","format-standard","hentry","category-noticias"],"_links":{"self":[{"href":"https:\/\/blogdorogeriogomes.com.br\/noticias\/wp-json\/wp\/v2\/posts\/7269","targetHints":{"allow":["GET"]}}],"collection":[{"href":"https:\/\/blogdorogeriogomes.com.br\/noticias\/wp-json\/wp\/v2\/posts"}],"about":[{"href":"https:\/\/blogdorogeriogomes.com.br\/noticias\/wp-json\/wp\/v2\/types\/post"}],"author":[{"embeddable":true,"href":"https:\/\/blogdorogeriogomes.com.br\/noticias\/wp-json\/wp\/v2\/users\/1"}],"replies":[{"embeddable":true,"href":"https:\/\/blogdorogeriogomes.com.br\/noticias\/wp-json\/wp\/v2\/comments?post=7269"}],"version-history":[{"count":1,"href":"https:\/\/blogdorogeriogomes.com.br\/noticias\/wp-json\/wp\/v2\/posts\/7269\/revisions"}],"predecessor-version":[{"id":7271,"href":"https:\/\/blogdorogeriogomes.com.br\/noticias\/wp-json\/wp\/v2\/posts\/7269\/revisions\/7271"}],"wp:attachment":[{"href":"https:\/\/blogdorogeriogomes.com.br\/noticias\/wp-json\/wp\/v2\/media?parent=7269"}],"wp:term":[{"taxonomy":"category","embeddable":true,"href":"https:\/\/blogdorogeriogomes.com.br\/noticias\/wp-json\/wp\/v2\/categories?post=7269"},{"taxonomy":"post_tag","embeddable":true,"href":"https:\/\/blogdorogeriogomes.com.br\/noticias\/wp-json\/wp\/v2\/tags?post=7269"}],"curies":[{"name":"wp","href":"https:\/\/api.w.org\/{rel}","templated":true}]}}