{"id":7275,"date":"2017-11-13T09:15:53","date_gmt":"2017-11-13T09:15:53","guid":{"rendered":"http:\/\/blogdorogeriogomes.com.br\/?p=7275"},"modified":"2017-11-13T09:15:53","modified_gmt":"2017-11-13T09:15:53","slug":"temer-tem-novo-encontro-fora-da-agenda-com-o-ministro-do-stf-gilmar-mendes","status":"publish","type":"post","link":"https:\/\/blogdorogeriogomes.com.br\/noticias\/2017\/11\/temer-tem-novo-encontro-fora-da-agenda-com-o-ministro-do-stf-gilmar-mendes\/","title":{"rendered":"Temer tem novo encontro fora da agenda com o ministro do STF, Gilmar Mendes"},"content":{"rendered":"<p><img loading=\"lazy\" decoding=\"async\" class=\"alignnone size-full wp-image-7276\" src=\"http:\/\/blogdorogeriogomes.com.br\/wp-content\/uploads\/2017\/11\/images-7.jpeg\" alt=\"images (7)\" width=\"290\" height=\"290\" srcset=\"https:\/\/blogdorogeriogomes.com.br\/noticias\/wp-content\/uploads\/2017\/11\/images-7.jpeg 290w, https:\/\/blogdorogeriogomes.com.br\/noticias\/wp-content\/uploads\/2017\/11\/images-7-150x150.jpeg 150w\" sizes=\"auto, (max-width: 290px) 100vw, 290px\" \/><\/p>\n<p><span style=\"font-weight: 400;\">As tramas pol\u00edticas em Bras\u00edlia continuam e acontecem a olho nu. Os eleitores assistem a tudo passivamente. Exemplo disso \u00e9 que o presidente Michel Temer recebeu o ministro Gilmar Mendes, do Supremo Tribunal Federal (STF), no Pal\u00e1cio do Jaburu. Segundo a assessoria de imprensa do magistrado, o encontro serviu para tratar da &#8220;reforma pol\u00edtica e de reformas institucionais&#8221;.<\/span><span style=\"font-weight: 400;\"><br \/>\n<\/span><span style=\"font-weight: 400;\">O encontro n\u00e3o consta da agenda oficial do presidente. A Secretaria de Comunica\u00e7\u00e3o Social (Secom) tamb\u00e9m n\u00e3o confirmou a reuni\u00e3o \u00e0 reportagem. Ou seja, falta clareza no que duas altas figuras da Rep\u00fablica est\u00e3o tratando. E se tratando de Gilmar Mendes, que vive envolto em decis\u00f5es pol\u00eamicas em favor de pol\u00edticos acusados de corrup\u00e7\u00e3o, a situa\u00e7\u00e3o s\u00f3 piora mais.<\/span><\/p>\n","protected":false},"excerpt":{"rendered":"<p>As tramas pol\u00edticas em Bras\u00edlia continuam e acontecem a olho nu. Os eleitores assistem a tudo passivamente. Exemplo disso \u00e9 que o presidente Michel Temer recebeu o ministro Gilmar Mendes, do Supremo Tribunal Federal (STF), no Pal\u00e1cio do Jaburu. Segundo a assessoria de imprensa do magistrado, o encontro serviu para tratar da &#8220;reforma pol\u00edtica e de reformas institucionais&#8221;. O encontro n\u00e3o consta da agenda oficial do presidente. A Secretaria de Comunica\u00e7\u00e3o Social (Secom) tamb\u00e9m n\u00e3o confirmou a reuni\u00e3o \u00e0&hellip;<\/p>\n","protected":false},"author":1,"featured_media":0,"comment_status":"open","ping_status":"open","sticky":false,"template":"","format":"standard","meta":{"footnotes":""},"categories":[1],"tags":[],"class_list":["post-7275","post","type-post","status-publish","format-standard","hentry","category-noticias"],"_links":{"self":[{"href":"https:\/\/blogdorogeriogomes.com.br\/noticias\/wp-json\/wp\/v2\/posts\/7275","targetHints":{"allow":["GET"]}}],"collection":[{"href":"https:\/\/blogdorogeriogomes.com.br\/noticias\/wp-json\/wp\/v2\/posts"}],"about":[{"href":"https:\/\/blogdorogeriogomes.com.br\/noticias\/wp-json\/wp\/v2\/types\/post"}],"author":[{"embeddable":true,"href":"https:\/\/blogdorogeriogomes.com.br\/noticias\/wp-json\/wp\/v2\/users\/1"}],"replies":[{"embeddable":true,"href":"https:\/\/blogdorogeriogomes.com.br\/noticias\/wp-json\/wp\/v2\/comments?post=7275"}],"version-history":[{"count":1,"href":"https:\/\/blogdorogeriogomes.com.br\/noticias\/wp-json\/wp\/v2\/posts\/7275\/revisions"}],"predecessor-version":[{"id":7277,"href":"https:\/\/blogdorogeriogomes.com.br\/noticias\/wp-json\/wp\/v2\/posts\/7275\/revisions\/7277"}],"wp:attachment":[{"href":"https:\/\/blogdorogeriogomes.com.br\/noticias\/wp-json\/wp\/v2\/media?parent=7275"}],"wp:term":[{"taxonomy":"category","embeddable":true,"href":"https:\/\/blogdorogeriogomes.com.br\/noticias\/wp-json\/wp\/v2\/categories?post=7275"},{"taxonomy":"post_tag","embeddable":true,"href":"https:\/\/blogdorogeriogomes.com.br\/noticias\/wp-json\/wp\/v2\/tags?post=7275"}],"curies":[{"name":"wp","href":"https:\/\/api.w.org\/{rel}","templated":true}]}}