{"id":7278,"date":"2017-11-13T09:18:16","date_gmt":"2017-11-13T09:18:16","guid":{"rendered":"http:\/\/blogdorogeriogomes.com.br\/?p=7278"},"modified":"2017-11-13T09:18:16","modified_gmt":"2017-11-13T09:18:16","slug":"aecio-neves-detona-interesse-de-luciano-huck-ser-candidato","status":"publish","type":"post","link":"https:\/\/blogdorogeriogomes.com.br\/noticias\/2017\/11\/aecio-neves-detona-interesse-de-luciano-huck-ser-candidato\/","title":{"rendered":"A\u00e9cio Neves detona interesse de Luciano Huck ser candidato"},"content":{"rendered":"<p><img loading=\"lazy\" decoding=\"async\" class=\"alignnone size-medium wp-image-7279\" src=\"http:\/\/blogdorogeriogomes.com.br\/wp-content\/uploads\/2017\/11\/images-8-300x200.jpeg\" alt=\"images (8)\" width=\"300\" height=\"200\" srcset=\"https:\/\/blogdorogeriogomes.com.br\/noticias\/wp-content\/uploads\/2017\/11\/images-8-300x200.jpeg 300w, https:\/\/blogdorogeriogomes.com.br\/noticias\/wp-content\/uploads\/2017\/11\/images-8.jpeg 470w\" sizes=\"auto, (max-width: 300px) 100vw, 300px\" \/><\/p>\n<p><span style=\"font-weight: 400;\">O apresentador de TV Luciano Huck j\u00e1 demonstrou nas redes sociais durante a campanha presidencial de 2014 ser eleitor do senador A\u00e9cio Neves. Agora, Huck faz articula\u00e7\u00f5es em torno de uma poss\u00edvel candidatura \u00e0 Presid\u00eancia da Rep\u00fablica. A\u00e9cio Neves mostrou contrariedade com a movimenta\u00e7\u00e3o e declarou que uma candidatura de Huck representaria a &#8220;fal\u00eancia da pol\u00edtica&#8221;. No fundo, o senador do PSDB questionou a capacidade do apresentador de TV de ocupar o cargo mais importante do Pa\u00eds.<\/span><span style=\"font-weight: 400;\"><br \/>\n<\/span><span style=\"font-weight: 400;\">&#8220;Acho que \u00e9 um pouco da fal\u00eancia da pol\u00edtica, \u00e9 um pouco do momento de desgaste generalizado pelo qual passa a pol\u00edtica. O Luciano \u00e9 um sujeito muito capaz, inteligente, mas agora \u00e9 preciso conhecer o que ele pensa sobre as mais variadas quest\u00f5es que demandam a posi\u00e7\u00e3o de um homem p\u00fablico. O tempo \u00e9 que vai dizer se ele est\u00e1 ou n\u00e3o preparado para esta miss\u00e3o&#8221;, ressaltou o senador tucano.<\/span><\/p>\n","protected":false},"excerpt":{"rendered":"<p>O apresentador de TV Luciano Huck j\u00e1 demonstrou nas redes sociais durante a campanha presidencial de 2014 ser eleitor do senador A\u00e9cio Neves. Agora, Huck faz articula\u00e7\u00f5es em torno de uma poss\u00edvel candidatura \u00e0 Presid\u00eancia da Rep\u00fablica. A\u00e9cio Neves mostrou contrariedade com a movimenta\u00e7\u00e3o e declarou que uma candidatura de Huck representaria a &#8220;fal\u00eancia da pol\u00edtica&#8221;. No fundo, o senador do PSDB questionou a capacidade do apresentador de TV de ocupar o cargo mais importante do Pa\u00eds. &#8220;Acho que&hellip;<\/p>\n","protected":false},"author":1,"featured_media":0,"comment_status":"open","ping_status":"open","sticky":false,"template":"","format":"standard","meta":{"footnotes":""},"categories":[1],"tags":[],"class_list":["post-7278","post","type-post","status-publish","format-standard","hentry","category-noticias"],"_links":{"self":[{"href":"https:\/\/blogdorogeriogomes.com.br\/noticias\/wp-json\/wp\/v2\/posts\/7278","targetHints":{"allow":["GET"]}}],"collection":[{"href":"https:\/\/blogdorogeriogomes.com.br\/noticias\/wp-json\/wp\/v2\/posts"}],"about":[{"href":"https:\/\/blogdorogeriogomes.com.br\/noticias\/wp-json\/wp\/v2\/types\/post"}],"author":[{"embeddable":true,"href":"https:\/\/blogdorogeriogomes.com.br\/noticias\/wp-json\/wp\/v2\/users\/1"}],"replies":[{"embeddable":true,"href":"https:\/\/blogdorogeriogomes.com.br\/noticias\/wp-json\/wp\/v2\/comments?post=7278"}],"version-history":[{"count":1,"href":"https:\/\/blogdorogeriogomes.com.br\/noticias\/wp-json\/wp\/v2\/posts\/7278\/revisions"}],"predecessor-version":[{"id":7280,"href":"https:\/\/blogdorogeriogomes.com.br\/noticias\/wp-json\/wp\/v2\/posts\/7278\/revisions\/7280"}],"wp:attachment":[{"href":"https:\/\/blogdorogeriogomes.com.br\/noticias\/wp-json\/wp\/v2\/media?parent=7278"}],"wp:term":[{"taxonomy":"category","embeddable":true,"href":"https:\/\/blogdorogeriogomes.com.br\/noticias\/wp-json\/wp\/v2\/categories?post=7278"},{"taxonomy":"post_tag","embeddable":true,"href":"https:\/\/blogdorogeriogomes.com.br\/noticias\/wp-json\/wp\/v2\/tags?post=7278"}],"curies":[{"name":"wp","href":"https:\/\/api.w.org\/{rel}","templated":true}]}}