{"id":7281,"date":"2017-11-13T09:29:31","date_gmt":"2017-11-13T09:29:31","guid":{"rendered":"http:\/\/blogdorogeriogomes.com.br\/?p=7281"},"modified":"2017-11-13T09:29:31","modified_gmt":"2017-11-13T09:29:31","slug":"cresce-pressao-de-deputados-na-al-a-secretarios-que-serao-candidatos","status":"publish","type":"post","link":"https:\/\/blogdorogeriogomes.com.br\/noticias\/2017\/11\/cresce-pressao-de-deputados-na-al-a-secretarios-que-serao-candidatos\/","title":{"rendered":"Cresce press\u00e3o de deputados na AL a secret\u00e1rios que ser\u00e3o candidatos"},"content":{"rendered":"<div id=\"attachment_7282\" style=\"width: 310px\" class=\"wp-caption alignnone\"><img loading=\"lazy\" decoding=\"async\" aria-describedby=\"caption-attachment-7282\" class=\"size-medium wp-image-7282\" src=\"http:\/\/blogdorogeriogomes.com.br\/wp-content\/uploads\/2017\/11\/unnamed-1-300x200.jpg\" alt=\"FORTALEZA, CE, BRASIL, 30-06-2016: Evandro Leit\u00e3o (e), deputado estadual e J\u00falio C\u00e9sar Filho, deputado, discursam no plen\u00e1rio. Vota\u00e7\u00e3o de projeto de lei que prop\u00f5e reajuste salarial de defensores p\u00fablicos do Cear\u00e1, igual ao de ju\u00edzes e procuradores, na Assembleia Legislativa. (Foto: Evil\u00e1zio Bezerra\/O POVO)\" width=\"300\" height=\"200\" srcset=\"https:\/\/blogdorogeriogomes.com.br\/noticias\/wp-content\/uploads\/2017\/11\/unnamed-1-300x200.jpg 300w, https:\/\/blogdorogeriogomes.com.br\/noticias\/wp-content\/uploads\/2017\/11\/unnamed-1.jpg 470w\" sizes=\"auto, (max-width: 300px) 100vw, 300px\" \/><p id=\"caption-attachment-7282\" class=\"wp-caption-text\">Deputados estaduais aliados ao Governo Camilo Santana reclamam na Assembleia Legislativa da movimenta\u00e7\u00e3o de secret\u00e1rios estaduais em bases eleitorais do interior. A reclama\u00e7\u00e3o \u00e9 que estes secret\u00e1rios estariam j\u00e1 utilizando as atividades da pasta para fazer campanha pol\u00edtica visando o pleito de 2018. Um<span style=\"font-size: 0.8rem;\">\u00a0dos mais criticados \u00e9 o chefe adjunto do gabinete do governador, Fernando Santana. O secret\u00e1rio de Desenvolvimento Agr\u00e1rio, Ded\u00e9 Teixeira, tamb\u00e9m tem sido alvo das cr\u00edticas que, at\u00e9 ent\u00e3o, n\u00e3o eram feitas em p\u00fablico pelos aliados do Governo. Outro que tem desagradado aliados \u00e9 o secret\u00e1rio chefe de gabinete do prefeito Roberto Cl\u00e1udio (PDT), Queiroz Filho.<\/span><\/p><\/div>\n<p>&nbsp;<\/p>\n<p>&nbsp;<\/p>\n","protected":false},"excerpt":{"rendered":"<p>&nbsp; &nbsp;<\/p>\n","protected":false},"author":1,"featured_media":0,"comment_status":"open","ping_status":"open","sticky":false,"template":"","format":"standard","meta":{"footnotes":""},"categories":[1],"tags":[],"class_list":["post-7281","post","type-post","status-publish","format-standard","hentry","category-noticias"],"_links":{"self":[{"href":"https:\/\/blogdorogeriogomes.com.br\/noticias\/wp-json\/wp\/v2\/posts\/7281","targetHints":{"allow":["GET"]}}],"collection":[{"href":"https:\/\/blogdorogeriogomes.com.br\/noticias\/wp-json\/wp\/v2\/posts"}],"about":[{"href":"https:\/\/blogdorogeriogomes.com.br\/noticias\/wp-json\/wp\/v2\/types\/post"}],"author":[{"embeddable":true,"href":"https:\/\/blogdorogeriogomes.com.br\/noticias\/wp-json\/wp\/v2\/users\/1"}],"replies":[{"embeddable":true,"href":"https:\/\/blogdorogeriogomes.com.br\/noticias\/wp-json\/wp\/v2\/comments?post=7281"}],"version-history":[{"count":1,"href":"https:\/\/blogdorogeriogomes.com.br\/noticias\/wp-json\/wp\/v2\/posts\/7281\/revisions"}],"predecessor-version":[{"id":7283,"href":"https:\/\/blogdorogeriogomes.com.br\/noticias\/wp-json\/wp\/v2\/posts\/7281\/revisions\/7283"}],"wp:attachment":[{"href":"https:\/\/blogdorogeriogomes.com.br\/noticias\/wp-json\/wp\/v2\/media?parent=7281"}],"wp:term":[{"taxonomy":"category","embeddable":true,"href":"https:\/\/blogdorogeriogomes.com.br\/noticias\/wp-json\/wp\/v2\/categories?post=7281"},{"taxonomy":"post_tag","embeddable":true,"href":"https:\/\/blogdorogeriogomes.com.br\/noticias\/wp-json\/wp\/v2\/tags?post=7281"}],"curies":[{"name":"wp","href":"https:\/\/api.w.org\/{rel}","templated":true}]}}