{"id":7287,"date":"2017-11-13T22:10:11","date_gmt":"2017-11-13T22:10:11","guid":{"rendered":"http:\/\/blogdorogeriogomes.com.br\/?p=7287"},"modified":"2017-11-13T22:10:11","modified_gmt":"2017-11-13T22:10:11","slug":"comecou-a-saida-dos-ministros-do-psdb-do-governo-temer","status":"publish","type":"post","link":"https:\/\/blogdorogeriogomes.com.br\/noticias\/2017\/11\/comecou-a-saida-dos-ministros-do-psdb-do-governo-temer\/","title":{"rendered":"Come\u00e7ou a sa\u00edda dos ministros do PSDB do Governo Temer"},"content":{"rendered":"<p><img loading=\"lazy\" decoding=\"async\" class=\"alignnone size-medium wp-image-7288\" src=\"http:\/\/blogdorogeriogomes.com.br\/wp-content\/uploads\/2017\/11\/images-9-300x169.jpeg\" alt=\"images (9)\" width=\"300\" height=\"169\" srcset=\"https:\/\/blogdorogeriogomes.com.br\/noticias\/wp-content\/uploads\/2017\/11\/images-9-300x169.jpeg 300w, https:\/\/blogdorogeriogomes.com.br\/noticias\/wp-content\/uploads\/2017\/11\/images-9.jpeg 511w\" sizes=\"auto, (max-width: 300px) 100vw, 300px\" \/><\/p>\n<p><span style=\"font-weight: 400;\">A situa\u00e7\u00e3o j\u00e1 era insustent\u00e1vel. Assim, o ministro tucano Bruno Ara\u00fajo inaugurou o desembarque do PSDB do Governo do presidente Michel Temer. Ele encaminhou ao Planalto uma carta de demiss\u00e3o alegando racha pol\u00edtico no PSDB, que est\u00e1 dividido entre uma ala que defende a perman\u00eancia no Governo Federal e outra que quer desembarcar da gest\u00e3o peemedebista. Os tucanos ainda t\u00eam tr\u00eas minist\u00e9rios. A ministra de Direitos Humanos, Luislinda Vallois, tamb\u00e9m pode deixar o primeiro escal\u00e3o do Governo.<\/span><\/p>\n<p><span style=\"font-weight: 400;\">Bruno Ara\u00fajo deixou claro que tomou a iniciativa de pedir demiss\u00e3o porque n\u00e3o podia ficar isolado no partido que tem v\u00e1rias aulas querendo afastamento de Temer.<\/span><\/p>\n<p><span style=\"font-weight: 400;\">O PP, que tem a quarta maior bancada da C\u00e2mara, com 45 deputados, reivindica o Minist\u00e9rio das Cidades e quer indicar para o posto o atual presidente da Caixa Econ\u00f4mica Federal, Gilberto Occhi.<\/span><\/p>\n<p><span style=\"font-weight: 400;\">O certo \u00e9 que a sa\u00edda de Bruno Ara\u00fajo a pressa de Michel Temer em fazer uma reforma ministerial. O presidente do Senado, Eun\u00edcio Oliveira, arrisca que isso deve acontecer ainda este ano.<\/span><\/p>\n","protected":false},"excerpt":{"rendered":"<p>A situa\u00e7\u00e3o j\u00e1 era insustent\u00e1vel. Assim, o ministro tucano Bruno Ara\u00fajo inaugurou o desembarque do PSDB do Governo do presidente Michel Temer. Ele encaminhou ao Planalto uma carta de demiss\u00e3o alegando racha pol\u00edtico no PSDB, que est\u00e1 dividido entre uma ala que defende a perman\u00eancia no Governo Federal e outra que quer desembarcar da gest\u00e3o peemedebista. Os tucanos ainda t\u00eam tr\u00eas minist\u00e9rios. A ministra de Direitos Humanos, Luislinda Vallois, tamb\u00e9m pode deixar o primeiro escal\u00e3o do Governo. Bruno Ara\u00fajo&hellip;<\/p>\n","protected":false},"author":1,"featured_media":0,"comment_status":"open","ping_status":"open","sticky":false,"template":"","format":"standard","meta":{"footnotes":""},"categories":[1],"tags":[],"class_list":["post-7287","post","type-post","status-publish","format-standard","hentry","category-noticias"],"_links":{"self":[{"href":"https:\/\/blogdorogeriogomes.com.br\/noticias\/wp-json\/wp\/v2\/posts\/7287","targetHints":{"allow":["GET"]}}],"collection":[{"href":"https:\/\/blogdorogeriogomes.com.br\/noticias\/wp-json\/wp\/v2\/posts"}],"about":[{"href":"https:\/\/blogdorogeriogomes.com.br\/noticias\/wp-json\/wp\/v2\/types\/post"}],"author":[{"embeddable":true,"href":"https:\/\/blogdorogeriogomes.com.br\/noticias\/wp-json\/wp\/v2\/users\/1"}],"replies":[{"embeddable":true,"href":"https:\/\/blogdorogeriogomes.com.br\/noticias\/wp-json\/wp\/v2\/comments?post=7287"}],"version-history":[{"count":1,"href":"https:\/\/blogdorogeriogomes.com.br\/noticias\/wp-json\/wp\/v2\/posts\/7287\/revisions"}],"predecessor-version":[{"id":7289,"href":"https:\/\/blogdorogeriogomes.com.br\/noticias\/wp-json\/wp\/v2\/posts\/7287\/revisions\/7289"}],"wp:attachment":[{"href":"https:\/\/blogdorogeriogomes.com.br\/noticias\/wp-json\/wp\/v2\/media?parent=7287"}],"wp:term":[{"taxonomy":"category","embeddable":true,"href":"https:\/\/blogdorogeriogomes.com.br\/noticias\/wp-json\/wp\/v2\/categories?post=7287"},{"taxonomy":"post_tag","embeddable":true,"href":"https:\/\/blogdorogeriogomes.com.br\/noticias\/wp-json\/wp\/v2\/tags?post=7287"}],"curies":[{"name":"wp","href":"https:\/\/api.w.org\/{rel}","templated":true}]}}