{"id":7290,"date":"2017-11-14T09:08:19","date_gmt":"2017-11-14T09:08:19","guid":{"rendered":"http:\/\/blogdorogeriogomes.com.br\/?p=7290"},"modified":"2017-11-14T09:08:19","modified_gmt":"2017-11-14T09:08:19","slug":"juiz-recebe-aposentadoria-compulsoria-como-punicao-pelo-tjce","status":"publish","type":"post","link":"https:\/\/blogdorogeriogomes.com.br\/noticias\/2017\/11\/juiz-recebe-aposentadoria-compulsoria-como-punicao-pelo-tjce\/","title":{"rendered":"Juiz recebe aposentadoria compuls\u00f3ria como puni\u00e7\u00e3o pelo TJCE"},"content":{"rendered":"<p><img loading=\"lazy\" decoding=\"async\" class=\"alignnone size-medium wp-image-7291\" src=\"http:\/\/blogdorogeriogomes.com.br\/wp-content\/uploads\/2017\/11\/image-300x144.jpg\" alt=\"image\" width=\"300\" height=\"144\" srcset=\"https:\/\/blogdorogeriogomes.com.br\/noticias\/wp-content\/uploads\/2017\/11\/image-300x144.jpg 300w, https:\/\/blogdorogeriogomes.com.br\/noticias\/wp-content\/uploads\/2017\/11\/image-768x370.jpg 768w, https:\/\/blogdorogeriogomes.com.br\/noticias\/wp-content\/uploads\/2017\/11\/image.jpg 800w\" sizes=\"auto, (max-width: 300px) 100vw, 300px\" \/><\/p>\n<p><span style=\"font-weight: 400;\">O ex-juiz de Vi\u00e7osa do Cear\u00e1, Rafael Lopes do Amaral, foi punido com aposentadoria compuls\u00f3ria remunerada pelo Pleno do Tribunal de Justi\u00e7a do Cear\u00e1 (TJCE) pela pr\u00e1tica de desvio funcional e atua\u00e7\u00e3o com parcialidade. Rafael foi denunciado pelo Minist\u00e9rio P\u00fablico do Estado quando atuava na Comarca de Vi\u00e7osa do Cear\u00e1.<\/span><\/p>\n<p><span style=\"font-weight: 400;\">Esta \u00e9 a pena mais severa imposta pelo \u00a0Tribunal de Justi\u00e7a do Estado. No entanto, a aposentadoria compuls\u00f3ria acaba sendo um \u201cpr\u00eamio\u201d j\u00e1 que o juiz continua recebendo o sal\u00e1rio e sem prestar qualquer servi\u00e7o \u00e0 sociedade.<\/span><\/p>\n","protected":false},"excerpt":{"rendered":"<p>O ex-juiz de Vi\u00e7osa do Cear\u00e1, Rafael Lopes do Amaral, foi punido com aposentadoria compuls\u00f3ria remunerada pelo Pleno do Tribunal de Justi\u00e7a do Cear\u00e1 (TJCE) pela pr\u00e1tica de desvio funcional e atua\u00e7\u00e3o com parcialidade. Rafael foi denunciado pelo Minist\u00e9rio P\u00fablico do Estado quando atuava na Comarca de Vi\u00e7osa do Cear\u00e1. Esta \u00e9 a pena mais severa imposta pelo \u00a0Tribunal de Justi\u00e7a do Estado. No entanto, a aposentadoria compuls\u00f3ria acaba sendo um \u201cpr\u00eamio\u201d j\u00e1 que o juiz continua recebendo o&hellip;<\/p>\n","protected":false},"author":1,"featured_media":0,"comment_status":"open","ping_status":"open","sticky":false,"template":"","format":"standard","meta":{"footnotes":""},"categories":[1],"tags":[],"class_list":["post-7290","post","type-post","status-publish","format-standard","hentry","category-noticias"],"_links":{"self":[{"href":"https:\/\/blogdorogeriogomes.com.br\/noticias\/wp-json\/wp\/v2\/posts\/7290","targetHints":{"allow":["GET"]}}],"collection":[{"href":"https:\/\/blogdorogeriogomes.com.br\/noticias\/wp-json\/wp\/v2\/posts"}],"about":[{"href":"https:\/\/blogdorogeriogomes.com.br\/noticias\/wp-json\/wp\/v2\/types\/post"}],"author":[{"embeddable":true,"href":"https:\/\/blogdorogeriogomes.com.br\/noticias\/wp-json\/wp\/v2\/users\/1"}],"replies":[{"embeddable":true,"href":"https:\/\/blogdorogeriogomes.com.br\/noticias\/wp-json\/wp\/v2\/comments?post=7290"}],"version-history":[{"count":1,"href":"https:\/\/blogdorogeriogomes.com.br\/noticias\/wp-json\/wp\/v2\/posts\/7290\/revisions"}],"predecessor-version":[{"id":7292,"href":"https:\/\/blogdorogeriogomes.com.br\/noticias\/wp-json\/wp\/v2\/posts\/7290\/revisions\/7292"}],"wp:attachment":[{"href":"https:\/\/blogdorogeriogomes.com.br\/noticias\/wp-json\/wp\/v2\/media?parent=7290"}],"wp:term":[{"taxonomy":"category","embeddable":true,"href":"https:\/\/blogdorogeriogomes.com.br\/noticias\/wp-json\/wp\/v2\/categories?post=7290"},{"taxonomy":"post_tag","embeddable":true,"href":"https:\/\/blogdorogeriogomes.com.br\/noticias\/wp-json\/wp\/v2\/tags?post=7290"}],"curies":[{"name":"wp","href":"https:\/\/api.w.org\/{rel}","templated":true}]}}