{"id":7296,"date":"2017-11-14T21:10:40","date_gmt":"2017-11-14T21:10:40","guid":{"rendered":"http:\/\/blogdorogeriogomes.com.br\/?p=7296"},"modified":"2017-11-14T21:10:40","modified_gmt":"2017-11-14T21:10:40","slug":"lei-do-silencio-recebe-alteracoes-na-camara-municipal-de-fortaleza","status":"publish","type":"post","link":"https:\/\/blogdorogeriogomes.com.br\/noticias\/2017\/11\/lei-do-silencio-recebe-alteracoes-na-camara-municipal-de-fortaleza\/","title":{"rendered":"Lei do Sil\u00eancio recebe altera\u00e7\u00f5es na C\u00e2mara Municipal de Fortaleza"},"content":{"rendered":"<p><img loading=\"lazy\" decoding=\"async\" class=\"alignnone size-medium wp-image-7297\" src=\"http:\/\/blogdorogeriogomes.com.br\/wp-content\/uploads\/2017\/11\/images-10-300x201.jpeg\" alt=\"images (10)\" width=\"300\" height=\"201\" srcset=\"https:\/\/blogdorogeriogomes.com.br\/noticias\/wp-content\/uploads\/2017\/11\/images-10-300x201.jpeg 300w, https:\/\/blogdorogeriogomes.com.br\/noticias\/wp-content\/uploads\/2017\/11\/images-10.jpeg 468w\" sizes=\"auto, (max-width: 300px) 100vw, 300px\" \/><\/p>\n<p><span style=\"font-weight: 400;\">Em discuss\u00e3o desde abril passado, a nova Lei do Sil\u00eancio recebeu aprova\u00e7\u00e3o da C\u00e2mara Municipal de Fortaleza. Entre as altera\u00e7\u00f5es na legisla\u00e7\u00e3o est\u00e3o uma maior flexibiliza\u00e7\u00e3o nos procedimentos de autua\u00e7\u00e3o, obrigatoriedade de registros de medi\u00e7\u00f5es sonoras e a proibi\u00e7\u00e3o da apreens\u00e3o de instrumentos de m\u00fasicos profissionais em casos de desrespeito reincidente do limite sonoro. <\/span><\/p>\n<p><span style=\"font-weight: 400;\">Tamb\u00e9m houve mudan\u00e7a na forma de medi\u00e7\u00e3o sonora. Agora, ser\u00e1 realizada a dois metros do im\u00f3vel mais pr\u00f3ximo do palco ou caixa de som.<\/span><\/p>\n<p><span style=\"font-weight: 400;\">De acordo com o vereador Eron Moreira, autor da nova Lei do Sil\u00eancio, a atualiza\u00e7\u00e3o da legisla\u00e7\u00e3o estabelece multas cumulativas para diferentes tipos de infra\u00e7\u00f5es, o que vai endurecer as multas em caso de desrespeito.<\/span><\/p>\n","protected":false},"excerpt":{"rendered":"<p>Em discuss\u00e3o desde abril passado, a nova Lei do Sil\u00eancio recebeu aprova\u00e7\u00e3o da C\u00e2mara Municipal de Fortaleza. Entre as altera\u00e7\u00f5es na legisla\u00e7\u00e3o est\u00e3o uma maior flexibiliza\u00e7\u00e3o nos procedimentos de autua\u00e7\u00e3o, obrigatoriedade de registros de medi\u00e7\u00f5es sonoras e a proibi\u00e7\u00e3o da apreens\u00e3o de instrumentos de m\u00fasicos profissionais em casos de desrespeito reincidente do limite sonoro. Tamb\u00e9m houve mudan\u00e7a na forma de medi\u00e7\u00e3o sonora. Agora, ser\u00e1 realizada a dois metros do im\u00f3vel mais pr\u00f3ximo do palco ou caixa de som. De&hellip;<\/p>\n","protected":false},"author":1,"featured_media":0,"comment_status":"open","ping_status":"open","sticky":false,"template":"","format":"standard","meta":{"footnotes":""},"categories":[1],"tags":[],"class_list":["post-7296","post","type-post","status-publish","format-standard","hentry","category-noticias"],"_links":{"self":[{"href":"https:\/\/blogdorogeriogomes.com.br\/noticias\/wp-json\/wp\/v2\/posts\/7296","targetHints":{"allow":["GET"]}}],"collection":[{"href":"https:\/\/blogdorogeriogomes.com.br\/noticias\/wp-json\/wp\/v2\/posts"}],"about":[{"href":"https:\/\/blogdorogeriogomes.com.br\/noticias\/wp-json\/wp\/v2\/types\/post"}],"author":[{"embeddable":true,"href":"https:\/\/blogdorogeriogomes.com.br\/noticias\/wp-json\/wp\/v2\/users\/1"}],"replies":[{"embeddable":true,"href":"https:\/\/blogdorogeriogomes.com.br\/noticias\/wp-json\/wp\/v2\/comments?post=7296"}],"version-history":[{"count":1,"href":"https:\/\/blogdorogeriogomes.com.br\/noticias\/wp-json\/wp\/v2\/posts\/7296\/revisions"}],"predecessor-version":[{"id":7298,"href":"https:\/\/blogdorogeriogomes.com.br\/noticias\/wp-json\/wp\/v2\/posts\/7296\/revisions\/7298"}],"wp:attachment":[{"href":"https:\/\/blogdorogeriogomes.com.br\/noticias\/wp-json\/wp\/v2\/media?parent=7296"}],"wp:term":[{"taxonomy":"category","embeddable":true,"href":"https:\/\/blogdorogeriogomes.com.br\/noticias\/wp-json\/wp\/v2\/categories?post=7296"},{"taxonomy":"post_tag","embeddable":true,"href":"https:\/\/blogdorogeriogomes.com.br\/noticias\/wp-json\/wp\/v2\/tags?post=7296"}],"curies":[{"name":"wp","href":"https:\/\/api.w.org\/{rel}","templated":true}]}}