{"id":7299,"date":"2017-11-14T21:14:08","date_gmt":"2017-11-14T21:14:08","guid":{"rendered":"http:\/\/blogdorogeriogomes.com.br\/?p=7299"},"modified":"2017-11-14T21:14:08","modified_gmt":"2017-11-14T21:14:08","slug":"governo-lanca-plano-de-erradicacao-do-trabalho-escravo-no-ceara","status":"publish","type":"post","link":"https:\/\/blogdorogeriogomes.com.br\/noticias\/2017\/11\/governo-lanca-plano-de-erradicacao-do-trabalho-escravo-no-ceara\/","title":{"rendered":"Governo lan\u00e7a Plano de Erradica\u00e7\u00e3o do Trabalho Escravo no Cear\u00e1"},"content":{"rendered":"<p><img loading=\"lazy\" decoding=\"async\" class=\"alignnone size-medium wp-image-7300\" src=\"http:\/\/blogdorogeriogomes.com.br\/wp-content\/uploads\/2017\/11\/images-11-300x200.jpeg\" alt=\"images (11)\" width=\"300\" height=\"200\" srcset=\"https:\/\/blogdorogeriogomes.com.br\/noticias\/wp-content\/uploads\/2017\/11\/images-11-300x200.jpeg 300w, https:\/\/blogdorogeriogomes.com.br\/noticias\/wp-content\/uploads\/2017\/11\/images-11.jpeg 470w\" sizes=\"auto, (max-width: 300px) 100vw, 300px\" \/><\/p>\n<p>O Governo do Cear\u00e1 lan\u00e7ou, nesta ter\u00e7a-feira, dia 14 de novembro, o Plano Estadual para Erradica\u00e7\u00e3o do Trabalho Escravo no Estado. No Cear\u00e1, entre 2006 e 2017, foram resgatados 594 trabalhadores.<br \/>\nO plano lan\u00e7ado pelo Executivo Estadual define uma pol\u00edtica p\u00fablica permanente dedicada a repress\u00e3o da explora\u00e7\u00e3o de trabalhadores e estabelece a\u00e7\u00f5es para o enfrentamento, fiscaliza\u00e7\u00e3o e preven\u00e7\u00e3o desse tipo de crime.<br \/>\nSegundo dados do Minist\u00e9rio do Trabalho, o perfil do trabalhador resgatado no Brasil \u00e9 na sua maioria homens, correspondendo a 95%; e 83% t\u00eam entre 18 e 44 anos.<br \/>\nNas \u00faltimas duas d\u00e9cadas, foram contabilizados mais de 50 mil resgates em todo o Pa\u00eds. No Cear\u00e1, entre 2006 e 2017, foram resgatados 594 trabalhadores em situa\u00e7\u00e3o similar \u00e0 escravid\u00e3o.<br \/>\nAuditores fiscais do trabalho refor\u00e7am, no entanto, a necessidade de refor\u00e7o nas equipes que fazem o trabalho de campo.<br \/>\nDe acordo com dossi\u00ea elaborado pelo Observat\u00f3rio Digital do Trabalho Escravo no Brasil, o Cear\u00e1 se posiciona em quinto lugar no ranking dos povos mais explorados fora da terra natal. &#8221; O plano vai ajudar a envolver os mais diversos parceiros&#8221; sugeriu Demitri Cruz, presidente da Comiss\u00e3o Estadual para Erradica\u00e7\u00e3o do Trabalho Escravo no Cear\u00e1.<br \/>\nA vice-governadora Izolda Cela considera que o Estado tem obriga\u00e7\u00e3o de proteger as pessoas e de combater quaisquer tipos de abuso contra trabalhadores. Mas \u00e9 preciso parceria dos \u00f3rg\u00e3os envolvidos na fiscaliza\u00e7\u00e3o. &#8220;Temos que atuar unidos&#8221;, disse.<\/p>\n","protected":false},"excerpt":{"rendered":"<p>O Governo do Cear\u00e1 lan\u00e7ou, nesta ter\u00e7a-feira, dia 14 de novembro, o Plano Estadual para Erradica\u00e7\u00e3o do Trabalho Escravo no Estado. No Cear\u00e1, entre 2006 e 2017, foram resgatados 594 trabalhadores. O plano lan\u00e7ado pelo Executivo Estadual define uma pol\u00edtica p\u00fablica permanente dedicada a repress\u00e3o da explora\u00e7\u00e3o de trabalhadores e estabelece a\u00e7\u00f5es para o enfrentamento, fiscaliza\u00e7\u00e3o e preven\u00e7\u00e3o desse tipo de crime. Segundo dados do Minist\u00e9rio do Trabalho, o perfil do trabalhador resgatado no Brasil \u00e9 na sua maioria&hellip;<\/p>\n","protected":false},"author":1,"featured_media":0,"comment_status":"open","ping_status":"open","sticky":false,"template":"","format":"standard","meta":{"footnotes":""},"categories":[1],"tags":[],"class_list":["post-7299","post","type-post","status-publish","format-standard","hentry","category-noticias"],"_links":{"self":[{"href":"https:\/\/blogdorogeriogomes.com.br\/noticias\/wp-json\/wp\/v2\/posts\/7299","targetHints":{"allow":["GET"]}}],"collection":[{"href":"https:\/\/blogdorogeriogomes.com.br\/noticias\/wp-json\/wp\/v2\/posts"}],"about":[{"href":"https:\/\/blogdorogeriogomes.com.br\/noticias\/wp-json\/wp\/v2\/types\/post"}],"author":[{"embeddable":true,"href":"https:\/\/blogdorogeriogomes.com.br\/noticias\/wp-json\/wp\/v2\/users\/1"}],"replies":[{"embeddable":true,"href":"https:\/\/blogdorogeriogomes.com.br\/noticias\/wp-json\/wp\/v2\/comments?post=7299"}],"version-history":[{"count":1,"href":"https:\/\/blogdorogeriogomes.com.br\/noticias\/wp-json\/wp\/v2\/posts\/7299\/revisions"}],"predecessor-version":[{"id":7301,"href":"https:\/\/blogdorogeriogomes.com.br\/noticias\/wp-json\/wp\/v2\/posts\/7299\/revisions\/7301"}],"wp:attachment":[{"href":"https:\/\/blogdorogeriogomes.com.br\/noticias\/wp-json\/wp\/v2\/media?parent=7299"}],"wp:term":[{"taxonomy":"category","embeddable":true,"href":"https:\/\/blogdorogeriogomes.com.br\/noticias\/wp-json\/wp\/v2\/categories?post=7299"},{"taxonomy":"post_tag","embeddable":true,"href":"https:\/\/blogdorogeriogomes.com.br\/noticias\/wp-json\/wp\/v2\/tags?post=7299"}],"curies":[{"name":"wp","href":"https:\/\/api.w.org\/{rel}","templated":true}]}}