{"id":7302,"date":"2017-11-14T21:34:10","date_gmt":"2017-11-14T21:34:10","guid":{"rendered":"http:\/\/blogdorogeriogomes.com.br\/?p=7302"},"modified":"2017-11-14T21:34:10","modified_gmt":"2017-11-14T21:34:10","slug":"policia-civil-vai-ganhar-reforco-de-730-novos-delegados-escrivaes-e-inspetores","status":"publish","type":"post","link":"https:\/\/blogdorogeriogomes.com.br\/noticias\/2017\/11\/policia-civil-vai-ganhar-reforco-de-730-novos-delegados-escrivaes-e-inspetores\/","title":{"rendered":"Pol\u00edcia Civil vai ganhar refor\u00e7o de 730 novos delegados, escriv\u00e3es e inspetores"},"content":{"rendered":"<p><img loading=\"lazy\" decoding=\"async\" class=\"alignnone size-medium wp-image-7303\" src=\"http:\/\/blogdorogeriogomes.com.br\/wp-content\/uploads\/2017\/11\/images-12-300x159.jpeg\" alt=\"images (12)\" width=\"300\" height=\"159\" srcset=\"https:\/\/blogdorogeriogomes.com.br\/noticias\/wp-content\/uploads\/2017\/11\/images-12-300x159.jpeg 300w, https:\/\/blogdorogeriogomes.com.br\/noticias\/wp-content\/uploads\/2017\/11\/images-12.jpeg 526w\" sizes=\"auto, (max-width: 300px) 100vw, 300px\" \/><\/p>\n<p><span style=\"font-weight: 400;\">A Pol\u00edcia Civil do Cear\u00e1 vai receber refor\u00e7o no efetivo. A Secretaria da Seguran\u00e7a P\u00fablica e Defesa Social (SSPDS) vai convocar 476 inspetores, 201 escriv\u00e3es e 53 delegados, que s\u00e3o referentes a remanescentes do concurso p\u00fablico realizado em 2015.<\/span><\/p>\n<p><span style=\"font-weight: 400;\">O governador Camilo Santana autorizou a contrata\u00e7\u00e3o de mais 730 policiais civis para refor\u00e7ar o trabalho da seguran\u00e7a p\u00fablica. A SSPDS ainda vai definir o prazo da entrega de documenta\u00e7\u00e3o dos novos convocados.<\/span><\/p>\n<p><span style=\"font-weight: 400;\">\u201c\u00c9 preciso investir em intelig\u00eancia. \u00c9 de grande import\u00e2ncia n\u00f3s refor\u00e7armos a pol\u00edcia judici\u00e1ria, nossa grande Pol\u00edcia Civil, que investiga e descobre os mandantes dos crimes, realiza os mandatos de pris\u00e3o\u201d, ressaltou o governador, ao autorizar o chamado dos policiais via redes sociais.<\/span><\/p>\n","protected":false},"excerpt":{"rendered":"<p>A Pol\u00edcia Civil do Cear\u00e1 vai receber refor\u00e7o no efetivo. A Secretaria da Seguran\u00e7a P\u00fablica e Defesa Social (SSPDS) vai convocar 476 inspetores, 201 escriv\u00e3es e 53 delegados, que s\u00e3o referentes a remanescentes do concurso p\u00fablico realizado em 2015. O governador Camilo Santana autorizou a contrata\u00e7\u00e3o de mais 730 policiais civis para refor\u00e7ar o trabalho da seguran\u00e7a p\u00fablica. A SSPDS ainda vai definir o prazo da entrega de documenta\u00e7\u00e3o dos novos convocados. \u201c\u00c9 preciso investir em intelig\u00eancia. \u00c9 de&hellip;<\/p>\n","protected":false},"author":1,"featured_media":0,"comment_status":"open","ping_status":"open","sticky":false,"template":"","format":"standard","meta":{"footnotes":""},"categories":[1],"tags":[],"class_list":["post-7302","post","type-post","status-publish","format-standard","hentry","category-noticias"],"_links":{"self":[{"href":"https:\/\/blogdorogeriogomes.com.br\/noticias\/wp-json\/wp\/v2\/posts\/7302","targetHints":{"allow":["GET"]}}],"collection":[{"href":"https:\/\/blogdorogeriogomes.com.br\/noticias\/wp-json\/wp\/v2\/posts"}],"about":[{"href":"https:\/\/blogdorogeriogomes.com.br\/noticias\/wp-json\/wp\/v2\/types\/post"}],"author":[{"embeddable":true,"href":"https:\/\/blogdorogeriogomes.com.br\/noticias\/wp-json\/wp\/v2\/users\/1"}],"replies":[{"embeddable":true,"href":"https:\/\/blogdorogeriogomes.com.br\/noticias\/wp-json\/wp\/v2\/comments?post=7302"}],"version-history":[{"count":1,"href":"https:\/\/blogdorogeriogomes.com.br\/noticias\/wp-json\/wp\/v2\/posts\/7302\/revisions"}],"predecessor-version":[{"id":7304,"href":"https:\/\/blogdorogeriogomes.com.br\/noticias\/wp-json\/wp\/v2\/posts\/7302\/revisions\/7304"}],"wp:attachment":[{"href":"https:\/\/blogdorogeriogomes.com.br\/noticias\/wp-json\/wp\/v2\/media?parent=7302"}],"wp:term":[{"taxonomy":"category","embeddable":true,"href":"https:\/\/blogdorogeriogomes.com.br\/noticias\/wp-json\/wp\/v2\/categories?post=7302"},{"taxonomy":"post_tag","embeddable":true,"href":"https:\/\/blogdorogeriogomes.com.br\/noticias\/wp-json\/wp\/v2\/tags?post=7302"}],"curies":[{"name":"wp","href":"https:\/\/api.w.org\/{rel}","templated":true}]}}